{"id":84279,"date":"2025-03-21T08:57:09","date_gmt":"2025-03-21T12:57:09","guid":{"rendered":"https:\/\/ahoramasrd.com.do\/?p=84279"},"modified":"2025-03-21T08:57:09","modified_gmt":"2025-03-21T12:57:09","slug":"cultura-anuncia-cierre-de-calles-desde-este-sabado-por-desfile-nacional-de-carnaval-2025","status":"publish","type":"post","link":"https:\/\/ahoramasrd.com.do\/?p=84279","title":{"rendered":"Cultura anuncia cierre de calles desde este s\u00e1bado por Desfile Nacional de Carnaval 2025"},"content":{"rendered":"\n<p>El desfile inicia a las 2:00 PM de este domingo.<br>Santo Domingo.- El Ministerio de Cultura (MINC) inform\u00f3 que a partir de este s\u00e1bado 21, a las 12:00 de la noche, la circulaci\u00f3n vehicular estar\u00e1 restringida en la avenida George Washington, en el tramo comprendido entre la calle Estrelleta y la avenida M\u00e1ximo G\u00f3mez, con motivo de la celebraci\u00f3n, el pr\u00f3ximo domingo, del Desfile Nacional de Carnaval 2025.<\/p>\n\n\n\n<p>De igual manera, esta restricci\u00f3n ser\u00e1 ampliada desde las 12:00 de la medianoche del domingo 23 hasta el lunes 24 de marzo a las 5:00 de la ma\u00f1ana, desde el puente flotante, en la avenida Francisco Alberto Caama\u00f1o, hasta la avenida Abraham Lincoln.<\/p>\n\n\n\n<p>Estas disposiciones han sido coordinadas con la Direcci\u00f3n de Tr\u00e1nsito y Movilidad Urbana de la Alcald\u00eda del Distrito Nacional y la Subdirecci\u00f3n de la Direcci\u00f3n General de Seguridad de Tr\u00e1nsito y Transporte Terrestre (DIGESETT).<\/p>\n\n\n\n<p>El MINC recomienda a la ciudadan\u00eda el uso de rutas alternativas, como las avenidas Bol\u00edvar, Independencia, M\u00e9xico, Benito Gonz\u00e1lez, Mella y Correa y Cidr\u00f3n, para facilitar la movilidad durante la celebraci\u00f3n de esta fiesta popular de la cultura dominicana.<\/p>\n\n\n\n<p>Esta medida responde al prop\u00f3sito de agilizar el tr\u00e1nsito, tomando en cuenta el alto flujo vehicular en la avenida George Washington y en las v\u00edas internas de la Ciudad Colonial.<\/p>\n","protected":false},"excerpt":{"rendered":"<p>El desfile inicia a las 2:00 PM de este domingo.Santo Domingo.- El Ministerio de Cultura (MINC) inform\u00f3 que a partir de este s\u00e1bado 21, a las 12:00 de la noche, la circulaci\u00f3n vehicular estar\u00e1 restringida en la avenida George Washington, en el tramo comprendido entre la calle Estrelleta y la avenida M\u00e1ximo G\u00f3mez, con motivo [&hellip;]<\/p>\n","protected":false},"author":2,"featured_media":84280,"comment_status":"open","ping_status":"open","sticky":false,"template":"","format":"standard","meta":{"footnotes":""},"categories":[44],"tags":[845,939,58],"class_list":{"0":"post-84279","1":"post","2":"type-post","3":"status-publish","4":"format-standard","5":"has-post-thumbnail","7":"category-actualidad","8":"tag-ahora-mas-rd","9":"tag-cada-minuto-una-verdad","10":"tag-republica-dominicana"},"aioseo_notices":[],"amp_enabled":true,"_links":{"self":[{"href":"https:\/\/ahoramasrd.com.do\/index.php?rest_route=\/wp\/v2\/posts\/84279","targetHints":{"allow":["GET"]}}],"collection":[{"href":"https:\/\/ahoramasrd.com.do\/index.php?rest_route=\/wp\/v2\/posts"}],"about":[{"href":"https:\/\/ahoramasrd.com.do\/index.php?rest_route=\/wp\/v2\/types\/post"}],"author":[{"embeddable":true,"href":"https:\/\/ahoramasrd.com.do\/index.php?rest_route=\/wp\/v2\/users\/2"}],"replies":[{"embeddable":true,"href":"https:\/\/ahoramasrd.com.do\/index.php?rest_route=%2Fwp%2Fv2%2Fcomments&post=84279"}],"version-history":[{"count":0,"href":"https:\/\/ahoramasrd.com.do\/index.php?rest_route=\/wp\/v2\/posts\/84279\/revisions"}],"wp:featuredmedia":[{"embeddable":true,"href":"https:\/\/ahoramasrd.com.do\/index.php?rest_route=\/"}],"wp:attachment":[{"href":"https:\/\/ahoramasrd.com.do\/index.php?rest_route=%2Fwp%2Fv2%2Fmedia&parent=84279"}],"wp:term":[{"taxonomy":"category","embeddable":true,"href":"https:\/\/ahoramasrd.com.do\/index.php?rest_route=%2Fwp%2Fv2%2Fcategories&post=84279"},{"taxonomy":"post_tag","embeddable":true,"href":"https:\/\/ahoramasrd.com.do\/index.php?rest_route=%2Fwp%2Fv2%2Ftags&post=84279"}],"curies":[{"name":"wp","href":"https:\/\/api.w.org\/{rel}","templated":true}]}}