{"id":84288,"date":"2025-03-24T17:32:04","date_gmt":"2025-03-24T21:32:04","guid":{"rendered":"https:\/\/ahoramasrd.com.do\/?p=84288"},"modified":"2025-03-24T17:32:04","modified_gmt":"2025-03-24T21:32:04","slug":"wellington-arnaud-trata-con-sectores-de-provincia-espaillat-proyecto-de-agua-y-saneamiento-entrega-dos-camiones-a-coraamoca","status":"publish","type":"post","link":"https:\/\/ahoramasrd.com.do\/?p=84288","title":{"rendered":"Wellington Arnaud trata con sectores de provincia Espaillat proyecto de agua y saneamiento; entrega dos camiones a Coraamoca"},"content":{"rendered":"\n<p>El director ejecutivo del Instituto Nacional de Aguas Potables y Alcantarillados (INAPA), Wellington Arnaud, inform\u00f3 sobre el estatus del proyecto \u00abMejoramiento de los servicios de agua potable y saneamiento en los municipios de Moca y Gaspar Hern\u00e1ndez\u00bb, provincia Espaillat.<\/p>\n\n\n\n<p>Arnaud inform\u00f3 que ya se licit\u00f3 la rehabilitaci\u00f3n el\u00e9ctrica de la planta potabilizadora de La Dura, as\u00ed como la rehabilitaci\u00f3n de la estaci\u00f3n de bombeo de Guauc\u00ed y el equipamiento de la ampliaci\u00f3n del acueducto de Gaspar Hern\u00e1ndez; obras que se adjudicar\u00e1n a la mayor brevedad posible.<\/p>\n\n\n\n<p>\u00abLa electrificaci\u00f3n de la planta de La Dura se iniciar\u00e1 en los pr\u00f3ximos d\u00edas y la rehabilitaci\u00f3n completa de la estaci\u00f3n est\u00e1 en proceso de licitaci\u00f3n por un monto de RD$500,000,000, lo que mejorar\u00e1 el servicio de agua potable de manera significativa\u00bb, expres\u00f3.<\/p>\n\n\n\n<p>Como parte del proyecto que ser\u00e1 ejecutado en coordinaci\u00f3n con la Corporaci\u00f3n del Acueducto y Alcantarillado de Moca (Coraamoca), Arnaud entreg\u00f3 al director general de esta entidad, Sandy M\u00e9ndez, dos camiones succionadores para usarse en la limpieza de alcantarillados sanitarios y pozos s\u00e9pticos.<\/p>\n\n\n\n<p>Se recuerda que el proyecto cuenta con el financiamiento del Banco Mundial por un monto de US$43,500,000 y vendr\u00e1 a impactar al menos 123,000 personas con el suministro de agua potable y unas 90,000 en cuanto al mejoramiento de la recolecci\u00f3n y tratamiento de aguas residuales.<\/p>\n\n\n\n<p>\u00abEstamos aqu\u00ed explicando c\u00f3mo va marchando esta obra porque es un compromiso asumido por el presidente Luis Abinader, y tengan por seguro que nosotros somos los m\u00e1s interesados en cumplir con esta demanda de tantos a\u00f1os de nuestra gente de esta provincia\u00bb, se\u00f1al\u00f3.<\/p>\n\n\n\n<p>El funcionario ofreci\u00f3 la informaci\u00f3n al participar en un desayuno conversatorio con autoridades provinciales y la prensa local durante el cual record\u00f3 que estos trabajos forman parte de una deuda social que, por muchos a\u00f1os, reclamaban diferentes asociaciones de la provincia.<\/p>\n\n\n\n<p>Estuvieron presentes en la actividad la representante del Banco Mundial Carmen Amaro; el senador Carlos G\u00f3mez; la gobernadora Patricia Mu\u00f1oz; el alcalde de Moca, Miguel Guarocuya Cabral; y la presidenta del Fondo Morena, Judith Valdez, as\u00ed como otras autoridades de la provincia.<\/p>\n","protected":false},"excerpt":{"rendered":"<p>El director ejecutivo del Instituto Nacional de Aguas Potables y Alcantarillados (INAPA), Wellington Arnaud, inform\u00f3 sobre el estatus del proyecto \u00abMejoramiento de los servicios de agua potable y saneamiento en los municipios de Moca y Gaspar Hern\u00e1ndez\u00bb, provincia Espaillat. Arnaud inform\u00f3 que ya se licit\u00f3 la rehabilitaci\u00f3n el\u00e9ctrica de la planta potabilizadora de La Dura, [&hellip;]<\/p>\n","protected":false},"author":2,"featured_media":84289,"comment_status":"open","ping_status":"open","sticky":false,"template":"","format":"standard","meta":{"footnotes":""},"categories":[44],"tags":[845,939,58],"class_list":{"0":"post-84288","1":"post","2":"type-post","3":"status-publish","4":"format-standard","5":"has-post-thumbnail","7":"category-actualidad","8":"tag-ahora-mas-rd","9":"tag-cada-minuto-una-verdad","10":"tag-republica-dominicana"},"aioseo_notices":[],"amp_enabled":true,"_links":{"self":[{"href":"https:\/\/ahoramasrd.com.do\/index.php?rest_route=\/wp\/v2\/posts\/84288","targetHints":{"allow":["GET"]}}],"collection":[{"href":"https:\/\/ahoramasrd.com.do\/index.php?rest_route=\/wp\/v2\/posts"}],"about":[{"href":"https:\/\/ahoramasrd.com.do\/index.php?rest_route=\/wp\/v2\/types\/post"}],"author":[{"embeddable":true,"href":"https:\/\/ahoramasrd.com.do\/index.php?rest_route=\/wp\/v2\/users\/2"}],"replies":[{"embeddable":true,"href":"https:\/\/ahoramasrd.com.do\/index.php?rest_route=%2Fwp%2Fv2%2Fcomments&post=84288"}],"version-history":[{"count":0,"href":"https:\/\/ahoramasrd.com.do\/index.php?rest_route=\/wp\/v2\/posts\/84288\/revisions"}],"wp:featuredmedia":[{"embeddable":true,"href":"https:\/\/ahoramasrd.com.do\/index.php?rest_route=\/"}],"wp:attachment":[{"href":"https:\/\/ahoramasrd.com.do\/index.php?rest_route=%2Fwp%2Fv2%2Fmedia&parent=84288"}],"wp:term":[{"taxonomy":"category","embeddable":true,"href":"https:\/\/ahoramasrd.com.do\/index.php?rest_route=%2Fwp%2Fv2%2Fcategories&post=84288"},{"taxonomy":"post_tag","embeddable":true,"href":"https:\/\/ahoramasrd.com.do\/index.php?rest_route=%2Fwp%2Fv2%2Ftags&post=84288"}],"curies":[{"name":"wp","href":"https:\/\/api.w.org\/{rel}","templated":true}]}}