{"id":84296,"date":"2025-03-24T21:09:14","date_gmt":"2025-03-25T01:09:14","guid":{"rendered":"https:\/\/ahoramasrd.com.do\/?p=84296"},"modified":"2025-03-24T21:09:15","modified_gmt":"2025-03-25T01:09:15","slug":"omar-fernandezlejos-de-lo-que-llegue-en-el-28-en-este-momento-trabajo-para-ser-un-legislador-ejemplar","status":"publish","type":"post","link":"https:\/\/ahoramasrd.com.do\/?p=84296","title":{"rendered":"Omar Fern\u00e1ndez:\u201clejos de lo que llegue en el 28, en este momento trabajo para ser un legislador ejemplar\u201d"},"content":{"rendered":"\n<p>Ante los constantes cuestionamientos de si Omar Fern\u00e1ndez ser\u00e1 candidato presidencial para el a\u00f1o 2028, el senador de la capital asegur\u00f3 que est\u00e1 concentrado en seguir aportando desde el congreso nacional durante el periodo para el que fue electo.<\/p>\n\n\n\n<p>Afirm\u00f3 que muchos pol\u00edticos exhiben descuido de sus funciones al pensar en lo que viene, en lugar de atender lo que tienen.<\/p>\n\n\n\n<p>Durante un conversatorio con estudiantes universitarios, Fern\u00e1ndez explic\u00f3 que su tarea principal es seguir sacando leyes en beneficio de la colectividad, y empujar los m\u00e1s de 15 proyectos depositados como congresista en los primeros seis meses en sus funciones.<\/p>\n\n\n\n<p>\u201cEn este momento lo que soy es senador, la gente no me vot\u00f3 para estar pensando en lo que voy a ser despu\u00e9s, la gente me vot\u00f3 para que sea un legislador ejemplar, por eso lejos de lo que estar pensando en lo que llegue o no en el 2028 en lo que estoy concentrado al 100% en este momento es en ser un buen senador para beneficio de todo el pa\u00eds\u201d, afirm\u00f3 Omar Fern\u00e1ndez.<\/p>\n\n\n\n<p>Hace un mes Omar Fern\u00e1ndez present\u00f3 un paquete de propuestas llamado M\u00e1s para RD, que consiste en m\u00e1s de 10 leyes para incentivar el empleo y fortalecer la institucionalidad en el pa\u00eds.<\/p>\n","protected":false},"excerpt":{"rendered":"<p>Ante los constantes cuestionamientos de si Omar Fern\u00e1ndez ser\u00e1 candidato presidencial para el a\u00f1o 2028, el senador de la capital asegur\u00f3 que est\u00e1 concentrado en seguir aportando desde el congreso nacional durante el periodo para el que fue electo. Afirm\u00f3 que muchos pol\u00edticos exhiben descuido de sus funciones al pensar en lo que viene, en [&hellip;]<\/p>\n","protected":false},"author":2,"featured_media":84297,"comment_status":"open","ping_status":"open","sticky":false,"template":"","format":"standard","meta":{"footnotes":""},"categories":[44],"tags":[845,939,58],"class_list":{"0":"post-84296","1":"post","2":"type-post","3":"status-publish","4":"format-standard","5":"has-post-thumbnail","7":"category-actualidad","8":"tag-ahora-mas-rd","9":"tag-cada-minuto-una-verdad","10":"tag-republica-dominicana"},"aioseo_notices":[],"amp_enabled":true,"_links":{"self":[{"href":"https:\/\/ahoramasrd.com.do\/index.php?rest_route=\/wp\/v2\/posts\/84296","targetHints":{"allow":["GET"]}}],"collection":[{"href":"https:\/\/ahoramasrd.com.do\/index.php?rest_route=\/wp\/v2\/posts"}],"about":[{"href":"https:\/\/ahoramasrd.com.do\/index.php?rest_route=\/wp\/v2\/types\/post"}],"author":[{"embeddable":true,"href":"https:\/\/ahoramasrd.com.do\/index.php?rest_route=\/wp\/v2\/users\/2"}],"replies":[{"embeddable":true,"href":"https:\/\/ahoramasrd.com.do\/index.php?rest_route=%2Fwp%2Fv2%2Fcomments&post=84296"}],"version-history":[{"count":0,"href":"https:\/\/ahoramasrd.com.do\/index.php?rest_route=\/wp\/v2\/posts\/84296\/revisions"}],"wp:featuredmedia":[{"embeddable":true,"href":"https:\/\/ahoramasrd.com.do\/index.php?rest_route=\/"}],"wp:attachment":[{"href":"https:\/\/ahoramasrd.com.do\/index.php?rest_route=%2Fwp%2Fv2%2Fmedia&parent=84296"}],"wp:term":[{"taxonomy":"category","embeddable":true,"href":"https:\/\/ahoramasrd.com.do\/index.php?rest_route=%2Fwp%2Fv2%2Fcategories&post=84296"},{"taxonomy":"post_tag","embeddable":true,"href":"https:\/\/ahoramasrd.com.do\/index.php?rest_route=%2Fwp%2Fv2%2Ftags&post=84296"}],"curies":[{"name":"wp","href":"https:\/\/api.w.org\/{rel}","templated":true}]}}