{"id":84299,"date":"2025-03-24T21:20:02","date_gmt":"2025-03-25T01:20:02","guid":{"rendered":"https:\/\/ahoramasrd.com.do\/?p=84299"},"modified":"2025-03-24T21:20:02","modified_gmt":"2025-03-25T01:20:02","slug":"acusado-por-el-alcalde-de-samana-de-titulacion-irregular-sale-en-su-defensa-y-decide-ceder-los-terrenos-reclamados","status":"publish","type":"post","link":"https:\/\/ahoramasrd.com.do\/?p=84299","title":{"rendered":"Acusado por el alcalde de Saman\u00e1 de titulaci\u00f3n irregular, sale en su defensa y decide ceder los terrenos reclamados"},"content":{"rendered":"\n<p>Tras la denuncia p\u00fablica realizada por la Alcald\u00eda de Saman\u00e1 sobre la supuesta obtenci\u00f3n irregular de t\u00edtulos de propiedad por parte de Carlos B\u00e1ez, conocido como \u201cel terrateniente de la 2077\u201d, nuestro medio se dio a la tarea de contactarlo para conocer su respuesta ante esta grave acusaci\u00f3n.<\/p>\n\n\n\n<p>Carlos B\u00e1ez, junto a su hijo Yomar B\u00e1ez Ger\u00f3nimo, present\u00f3 la sentencia definitiva que les adjudica los terrenos en cuesti\u00f3n, confirmando as\u00ed que la causa de Bienes Nacionales para recuperar la propiedad fue desestimada. No obstante, en un gesto inesperado, los B\u00e1ez anunciaron su decisi\u00f3n de donar al pueblo de Saman\u00e1 los terrenos que el alcalde Nelson N\u00fa\u00f1ez reclamaba.<\/p>\n\n\n\n<p>Sentencia del Tribunal Superior de Tierras del Departamento Noreste<\/p>\n\n\n\n<p>El fallo emitido por el Tribunal Superior de Tierras del Departamento Noreste establece lo siguiente:<\/p>\n\n\n\n<ol class=\"wp-block-list\">\n<li>Se rechaza la reclamaci\u00f3n planteada por el Estado Dominicano, a trav\u00e9s de la Direcci\u00f3n General de Bienes Nacionales, debido a la falta de pruebas que justifiquen la supuesta titularidad estatal sobre los terrenos en disputa.<\/li>\n\n\n\n<li>Se comprueba la existencia de solapamientos y superposiciones en la designaci\u00f3n catastral de las parcelas en cuesti\u00f3n, lo que impide la acreditaci\u00f3n y depuraci\u00f3n de los derechos invocados sobre las mismas.<\/li>\n\n\n\n<li>Se ordena la anulaci\u00f3n de los trabajos catastrales previos y la eliminaci\u00f3n de las designaciones conflictivas en el sistema cartogr\u00e1fico nacional.<\/li>\n\n\n\n<li>Se adjudica la parcela n\u00famero 2077-006.9500 del Distrito Catastral n\u00famero 7 del municipio y provincia de Saman\u00e1, con una extensi\u00f3n superficial de 3,228.45 metros cuadrados, a favor de los beneficiarios mencionados en la sentencia.<\/li>\n<\/ol>\n\n\n\n<p>Asimismo, en el documento se detallan las proporciones de propiedad asignadas dentro de la parcela adjudicada, incluyendo a la se\u00f1ora Isabel Altagracia B\u00e1ez Green y a Francisco Bartolom\u00e9 B\u00e1ez Acosta, quienes acreditaron una posesi\u00f3n p\u00fablica, pac\u00edfica y no interrumpida, cumpliendo as\u00ed con los requisitos legales de prescripci\u00f3n adquisitiva.<\/p>\n\n\n\n<p>Con esta decisi\u00f3n, el Tribunal Superior de Tierras pone fin a la controversia legal sobre estos terrenos, reafirmando el derecho de los beneficiarios sobre la propiedad. Sin embargo, en un acto que busca calmar las tensiones generadas en la comunidad, la familia B\u00e1ez ha optado por ceder voluntariamente los terrenos al pueblo de Saman\u00e1.<\/p>\n","protected":false},"excerpt":{"rendered":"<p>Tras la denuncia p\u00fablica realizada por la Alcald\u00eda de Saman\u00e1 sobre la supuesta obtenci\u00f3n irregular de t\u00edtulos de propiedad por parte de Carlos B\u00e1ez, conocido como \u201cel terrateniente de la 2077\u201d, nuestro medio se dio a la tarea de contactarlo para conocer su respuesta ante esta grave acusaci\u00f3n. Carlos B\u00e1ez, junto a su hijo Yomar [&hellip;]<\/p>\n","protected":false},"author":2,"featured_media":84300,"comment_status":"open","ping_status":"open","sticky":false,"template":"","format":"standard","meta":{"footnotes":""},"categories":[44],"tags":[845,58],"class_list":{"0":"post-84299","1":"post","2":"type-post","3":"status-publish","4":"format-standard","5":"has-post-thumbnail","7":"category-actualidad","8":"tag-ahora-mas-rd","9":"tag-republica-dominicana"},"aioseo_notices":[],"amp_enabled":true,"_links":{"self":[{"href":"https:\/\/ahoramasrd.com.do\/index.php?rest_route=\/wp\/v2\/posts\/84299","targetHints":{"allow":["GET"]}}],"collection":[{"href":"https:\/\/ahoramasrd.com.do\/index.php?rest_route=\/wp\/v2\/posts"}],"about":[{"href":"https:\/\/ahoramasrd.com.do\/index.php?rest_route=\/wp\/v2\/types\/post"}],"author":[{"embeddable":true,"href":"https:\/\/ahoramasrd.com.do\/index.php?rest_route=\/wp\/v2\/users\/2"}],"replies":[{"embeddable":true,"href":"https:\/\/ahoramasrd.com.do\/index.php?rest_route=%2Fwp%2Fv2%2Fcomments&post=84299"}],"version-history":[{"count":0,"href":"https:\/\/ahoramasrd.com.do\/index.php?rest_route=\/wp\/v2\/posts\/84299\/revisions"}],"wp:featuredmedia":[{"embeddable":true,"href":"https:\/\/ahoramasrd.com.do\/index.php?rest_route=\/"}],"wp:attachment":[{"href":"https:\/\/ahoramasrd.com.do\/index.php?rest_route=%2Fwp%2Fv2%2Fmedia&parent=84299"}],"wp:term":[{"taxonomy":"category","embeddable":true,"href":"https:\/\/ahoramasrd.com.do\/index.php?rest_route=%2Fwp%2Fv2%2Fcategories&post=84299"},{"taxonomy":"post_tag","embeddable":true,"href":"https:\/\/ahoramasrd.com.do\/index.php?rest_route=%2Fwp%2Fv2%2Ftags&post=84299"}],"curies":[{"name":"wp","href":"https:\/\/api.w.org\/{rel}","templated":true}]}}