{"id":84304,"date":"2025-03-25T13:18:11","date_gmt":"2025-03-25T17:18:11","guid":{"rendered":"https:\/\/ahoramasrd.com.do\/?p=84304"},"modified":"2025-03-25T13:18:11","modified_gmt":"2025-03-25T17:18:11","slug":"sociedad-civil-llama-a-analizar-con-cuidado-perfiles-de-aspirantes-a-la-camara-de-cuentas","status":"publish","type":"post","link":"https:\/\/ahoramasrd.com.do\/?p=84304","title":{"rendered":"Sociedad civil llama a analizar con cuidado perfiles de aspirantes a la C\u00e1mara de Cuentas"},"content":{"rendered":"\n<p>La representante de la sociedad civil Leidy Blanco, llam\u00f3 a la poblaci\u00f3n a estar atenta a la escogencia de los nuevos integrantes de la C\u00e1mara de Cuentas, por considerar se trata de un organismo clave para la prevenci\u00f3n y lucha contra la corrupci\u00f3n administrativa y que se debe analizar a profundidad los permisos de los aspirantes para que no se comentan los errores del pasado.<\/p>\n\n\n\n<p>\u201cCu\u00e1ndo tu tienes una C\u00e1mara de Cuentas que no audita, que no fiscaliza, la sociedad dominicana no tiene ese brazo conductor para la lucha contra la corrupci\u00f3n\u201d expres\u00f3 Blanco.<\/p>\n\n\n\n<p>Adem\u00e1s se\u00f1al\u00f3 que uno de los mayores retos de la nueva C\u00e1mara de Cuentas ser\u00e1 auditar instituciones que llevan m\u00e1s de una d\u00e9cada sin ser supervisadas.<\/p>\n\n\n\n<p>La miembro de participaci\u00f3n ciudadana considera que adem\u00e1s de los atributos profesionales y morales, quienes resulte seleccionados por el Senado para integrar ese \u00f3rgano de control externo del Estado, deben exhibir capacidad de gesti\u00f3n y manejo in emocional.<\/p>\n\n\n\n<p>\u201cNo solamente es que no tengan vinculaci\u00f3n pol\u00edtica, que sean personas \u00e9tica, si no que tambi\u00e9n sean personas que tengan la capacidades blandas, para poder trabajar en un pleno\u201d expres\u00f3 la representante del movimiento no partidista.<\/p>\n\n\n\n<p>Fuente RC Noticias<\/p>\n","protected":false},"excerpt":{"rendered":"<p>La representante de la sociedad civil Leidy Blanco, llam\u00f3 a la poblaci\u00f3n a estar atenta a la escogencia de los nuevos integrantes de la C\u00e1mara de Cuentas, por considerar se trata de un organismo clave para la prevenci\u00f3n y lucha contra la corrupci\u00f3n administrativa y que se debe analizar a profundidad los permisos de los [&hellip;]<\/p>\n","protected":false},"author":2,"featured_media":84305,"comment_status":"open","ping_status":"open","sticky":false,"template":"","format":"standard","meta":{"footnotes":""},"categories":[44],"tags":[845,939,58],"class_list":{"0":"post-84304","1":"post","2":"type-post","3":"status-publish","4":"format-standard","5":"has-post-thumbnail","7":"category-actualidad","8":"tag-ahora-mas-rd","9":"tag-cada-minuto-una-verdad","10":"tag-republica-dominicana"},"aioseo_notices":[],"amp_enabled":true,"_links":{"self":[{"href":"https:\/\/ahoramasrd.com.do\/index.php?rest_route=\/wp\/v2\/posts\/84304","targetHints":{"allow":["GET"]}}],"collection":[{"href":"https:\/\/ahoramasrd.com.do\/index.php?rest_route=\/wp\/v2\/posts"}],"about":[{"href":"https:\/\/ahoramasrd.com.do\/index.php?rest_route=\/wp\/v2\/types\/post"}],"author":[{"embeddable":true,"href":"https:\/\/ahoramasrd.com.do\/index.php?rest_route=\/wp\/v2\/users\/2"}],"replies":[{"embeddable":true,"href":"https:\/\/ahoramasrd.com.do\/index.php?rest_route=%2Fwp%2Fv2%2Fcomments&post=84304"}],"version-history":[{"count":0,"href":"https:\/\/ahoramasrd.com.do\/index.php?rest_route=\/wp\/v2\/posts\/84304\/revisions"}],"wp:featuredmedia":[{"embeddable":true,"href":"https:\/\/ahoramasrd.com.do\/index.php?rest_route=\/"}],"wp:attachment":[{"href":"https:\/\/ahoramasrd.com.do\/index.php?rest_route=%2Fwp%2Fv2%2Fmedia&parent=84304"}],"wp:term":[{"taxonomy":"category","embeddable":true,"href":"https:\/\/ahoramasrd.com.do\/index.php?rest_route=%2Fwp%2Fv2%2Fcategories&post=84304"},{"taxonomy":"post_tag","embeddable":true,"href":"https:\/\/ahoramasrd.com.do\/index.php?rest_route=%2Fwp%2Fv2%2Ftags&post=84304"}],"curies":[{"name":"wp","href":"https:\/\/api.w.org\/{rel}","templated":true}]}}