{"id":84307,"date":"2025-03-25T13:54:27","date_gmt":"2025-03-25T17:54:27","guid":{"rendered":"https:\/\/ahoramasrd.com.do\/?p=84307"},"modified":"2025-03-25T13:54:27","modified_gmt":"2025-03-25T17:54:27","slug":"instituto-duartiano-es-inicua-campana-de-amnistia-internacional-contra-rd","status":"publish","type":"post","link":"https:\/\/ahoramasrd.com.do\/?p=84307","title":{"rendered":"Instituto Duartiano: Es \"inicua campa\u00f1a\" de Amnist\u00eda Internacional contra RD"},"content":{"rendered":"\n<p>De acuerdo con Wilson G\u00f3mez Ram\u00edrez ese organismo internacional busca desacreditar al pa\u00eds.<br>Santo Domingo, R.D.- El Instituto Duartiano, a trav\u00e9s de su presidente, el doctor Wilson G\u00f3mez Ram\u00edrez, calific\u00f3 las recientes declaraciones de Amnist\u00eda Internacional como la continuaci\u00f3n de una \u201cequivocada e inicua l\u00ednea de comportamiento\u201d contra la Rep\u00fablica Dominicana, cuyo \u00fanico prop\u00f3sito, seg\u00fan la instituci\u00f3n, es desacreditar al pa\u00eds.<\/p>\n\n\n\n<p>G\u00f3mez Ram\u00edrez denunci\u00f3 que las afirmaciones de Amnist\u00eda Internacional son \u201cmendaces e infundadas\u201d, y que estas son alimentadas por \u201csectores de la vida dominicana que tienen que justificar las retribuciones que reciben desde el exterior\u201d.<\/p>\n\n\n\n<p>El presidente del Instituto Duartiano expres\u00f3 su indignaci\u00f3n ante lo que considera un patr\u00f3n recurrente por parte de la organizaci\u00f3n internacional.<\/p>\n\n\n\n<p>\u201cTodas las veces que a Amnist\u00eda Internacional se le agotan los temas latinoamericanos o cuando sus corresponsales locales tienen que \u2018documentar\u2019 sus servicios, arremeten contra los dominicanos, no solo contra las autoridades sino contra el pueblo al que califican de racista, discriminador, practicante de la xenofobia y hasta propenso a establecer un apartheid en el Caribe\u201d, afirm\u00f3 G\u00f3mez Ram\u00edrez.<\/p>\n\n\n\n<p>El Instituto Duartiano rechaz\u00f3 \u201cde manera categ\u00f3rica este desprop\u00f3sito, esta aviesa e injusta campa\u00f1a contra la Naci\u00f3n dominicana\u201d, destacando que la Rep\u00fablica Dominicana es \u201cla m\u00e1s solidaria de todas con el pueblo haitiano\u201d y que soporta \u201cla pesada carga de la grav\u00edsima crisis del vecino pa\u00eds\u201d.<\/p>\n\n\n\n<p>La instituci\u00f3n hizo un llamado a la reflexi\u00f3n y a la objetividad, instando a Amnist\u00eda Internacional a cesar lo que consideran una campa\u00f1a de difamaci\u00f3n contra la Rep\u00fablica Dominicana.<\/p>\n\n\n\n<p>Sobre el Instituto Duartiano<\/p>\n\n\n\n<p>El Instituto Duartiano es un organismo de car\u00e1cter oficial y aut\u00f3nomo, fundado el 26 de enero de 1964, y la Ley n\u00famero 127-01, del 27 de julio de 2001, le otorg\u00f3 autonom\u00eda.<\/p>\n\n\n\n<p>Tiene como objetivo promover la difusi\u00f3n de los ideales, la vida y el ejemplo del patricio Juan Pablo Duarte, as\u00ed como los valores patrios y los gloriosos acontecimientos hist\u00f3ricos de nuestro pa\u00eds. Esta es la instituci\u00f3n responsable de velar por el respeto a la memoria del Patricio y por preservar su imagen y buen nombre.<\/p>\n\n\n\n<p>Tiene la misi\u00f3n de llevar al pueblo dominicano la historia de Juan Pablo Duarte y tratar de que, por medio del conocimiento de sus ideales, laboriosidad, honestidad acrisolada, patriotismo, esp\u00edritu de servicio y vida ejemplar, exista un mejor ciudadano y una patria justa y feliz, como la so\u00f1\u00f3 el padre de la Patria.<\/p>\n","protected":false},"excerpt":{"rendered":"<p>De acuerdo con Wilson G\u00f3mez Ram\u00edrez ese organismo internacional busca desacreditar al pa\u00eds.Santo Domingo, R.D.- El Instituto Duartiano, a trav\u00e9s de su presidente, el doctor Wilson G\u00f3mez Ram\u00edrez, calific\u00f3 las recientes declaraciones de Amnist\u00eda Internacional como la continuaci\u00f3n de una \u201cequivocada e inicua l\u00ednea de comportamiento\u201d contra la Rep\u00fablica Dominicana, cuyo \u00fanico prop\u00f3sito, seg\u00fan la [&hellip;]<\/p>\n","protected":false},"author":2,"featured_media":84308,"comment_status":"open","ping_status":"open","sticky":false,"template":"","format":"standard","meta":{"footnotes":""},"categories":[44],"tags":[845,939,58],"class_list":{"0":"post-84307","1":"post","2":"type-post","3":"status-publish","4":"format-standard","5":"has-post-thumbnail","7":"category-actualidad","8":"tag-ahora-mas-rd","9":"tag-cada-minuto-una-verdad","10":"tag-republica-dominicana"},"aioseo_notices":[],"amp_enabled":true,"_links":{"self":[{"href":"https:\/\/ahoramasrd.com.do\/index.php?rest_route=\/wp\/v2\/posts\/84307","targetHints":{"allow":["GET"]}}],"collection":[{"href":"https:\/\/ahoramasrd.com.do\/index.php?rest_route=\/wp\/v2\/posts"}],"about":[{"href":"https:\/\/ahoramasrd.com.do\/index.php?rest_route=\/wp\/v2\/types\/post"}],"author":[{"embeddable":true,"href":"https:\/\/ahoramasrd.com.do\/index.php?rest_route=\/wp\/v2\/users\/2"}],"replies":[{"embeddable":true,"href":"https:\/\/ahoramasrd.com.do\/index.php?rest_route=%2Fwp%2Fv2%2Fcomments&post=84307"}],"version-history":[{"count":0,"href":"https:\/\/ahoramasrd.com.do\/index.php?rest_route=\/wp\/v2\/posts\/84307\/revisions"}],"wp:featuredmedia":[{"embeddable":true,"href":"https:\/\/ahoramasrd.com.do\/index.php?rest_route=\/"}],"wp:attachment":[{"href":"https:\/\/ahoramasrd.com.do\/index.php?rest_route=%2Fwp%2Fv2%2Fmedia&parent=84307"}],"wp:term":[{"taxonomy":"category","embeddable":true,"href":"https:\/\/ahoramasrd.com.do\/index.php?rest_route=%2Fwp%2Fv2%2Fcategories&post=84307"},{"taxonomy":"post_tag","embeddable":true,"href":"https:\/\/ahoramasrd.com.do\/index.php?rest_route=%2Fwp%2Fv2%2Ftags&post=84307"}],"curies":[{"name":"wp","href":"https:\/\/api.w.org\/{rel}","templated":true}]}}