{"id":84310,"date":"2025-03-25T13:55:28","date_gmt":"2025-03-25T17:55:28","guid":{"rendered":"https:\/\/ahoramasrd.com.do\/?p=84310"},"modified":"2025-03-25T13:55:28","modified_gmt":"2025-03-25T17:55:28","slug":"el-gobierno-convirtio-las-oficinas-publicas-en-comandos-politicos-segun-roberto-rosario","status":"publish","type":"post","link":"https:\/\/ahoramasrd.com.do\/?p=84310","title":{"rendered":"\u201cEl gobierno convirti\u00f3 las oficinas p\u00fablicas en comandos pol\u00edticos\u201d, segun Roberto Rosario"},"content":{"rendered":"\n<p>Santo Domingo. \u2013 El dirigente pol\u00edtico y miembro de la Direcci\u00f3n Pol\u00edtica de la Fuerza del Pueblo, Roberto Rosario M\u00e1rquez, denunci\u00f3 que el actual gobierno ha desvirtuado la institucionalidad del Estado al permitir que precandidatos oficialistas utilicen las instituciones p\u00fablicas como comandos pol\u00edticos, sin haber renunciado a sus cargos.<\/p>\n\n\n\n<p>Durante su participaci\u00f3n en el programa Hoy Mismo, Rosario advirti\u00f3 que esta pr\u00e1ctica representa una amenaza a la democracia y a la equidad del proceso electoral:<\/p>\n\n\n\n<p>\u201cHan convertido las oficinas p\u00fablicas en comandos de campa\u00f1a. Cancelan a quienes no apoyan a su precandidato, descuidan el servicio p\u00fablico y usan los recursos del Estado para hacer pol\u00edtica interna.\u201d<br>Adem\u00e1s, cuestion\u00f3 la falta de l\u00edmites y la permisividad del gobierno frente a sus propios aspirantes presidenciales:<\/p>\n\n\n\n<p>\u201cEl presidente los reuni\u00f3 con buena intenci\u00f3n, pero lo que provoc\u00f3 fue una guerra interna disfrazada de institucionalidad. No puede haber 12 candidatos en el gobierno haciendo campa\u00f1a mientras ocupan cargos p\u00fablicos.\u201d<br>Un nuevo modelo de Secretar\u00eda General<br>Rosario tambi\u00e9n se refiri\u00f3 a las transformaciones internas aprobadas en el Congreso de la Fuerza del Pueblo. Explic\u00f3 que el partido adopt\u00f3 un modelo de Secretar\u00eda General colegiada, compuesto por cinco dirigentes \u2014uno coordinador y cuatro vices\u2014 con la misi\u00f3n de fortalecer el trabajo organizativo a nivel nacional.<\/p>\n\n\n\n<p>\u201cEs un modelo moderno, plural y territorial. Ya no depende de una sola persona, sino de un equipo que garantiza cercan\u00eda con las bases, operatividad y expansi\u00f3n del partido.\u201d<br>Aclar\u00f3 que las pr\u00f3ximas autoridades del partido \u2014incluyendo presidente, vicepresidente y secretario general\u2014 ser\u00e1n electas por una Direcci\u00f3n Central que a su vez ser\u00e1 escogida democr\u00e1ticamente por todos los miembros a trav\u00e9s de voto universal.<\/p>\n\n\n\n<p>\u201cAqu\u00ed no hay l\u00ednea bajada. Cada compa\u00f1ero puede aspirar, votar y apoyar. Pero tambi\u00e9n tenemos que cuidar la marca. No podemos exponer al partido a improvisaciones.\u201d<br>Una advertencia pol\u00edtica<br>Rosario concluy\u00f3 advirtiendo sobre los riesgos que enfrenta el sistema democr\u00e1tico si se contin\u00faa utilizando el poder estatal para favorecer proyectos internos:<\/p>\n\n\n\n<p>\u201cNo se puede usar el gobierno para sacar ventaja pol\u00edtica. Eso crea desesperanza, da\u00f1a la institucionalidad y pone en juego la confianza p\u00fablica.\u201d<\/p>\n","protected":false},"excerpt":{"rendered":"<p>Santo Domingo. \u2013 El dirigente pol\u00edtico y miembro de la Direcci\u00f3n Pol\u00edtica de la Fuerza del Pueblo, Roberto Rosario M\u00e1rquez, denunci\u00f3 que el actual gobierno ha desvirtuado la institucionalidad del Estado al permitir que precandidatos oficialistas utilicen las instituciones p\u00fablicas como comandos pol\u00edticos, sin haber renunciado a sus cargos. Durante su participaci\u00f3n en el programa [&hellip;]<\/p>\n","protected":false},"author":2,"featured_media":84311,"comment_status":"open","ping_status":"open","sticky":false,"template":"","format":"standard","meta":{"footnotes":""},"categories":[44],"tags":[845,939,58],"class_list":{"0":"post-84310","1":"post","2":"type-post","3":"status-publish","4":"format-standard","5":"has-post-thumbnail","7":"category-actualidad","8":"tag-ahora-mas-rd","9":"tag-cada-minuto-una-verdad","10":"tag-republica-dominicana"},"aioseo_notices":[],"amp_enabled":true,"_links":{"self":[{"href":"https:\/\/ahoramasrd.com.do\/index.php?rest_route=\/wp\/v2\/posts\/84310","targetHints":{"allow":["GET"]}}],"collection":[{"href":"https:\/\/ahoramasrd.com.do\/index.php?rest_route=\/wp\/v2\/posts"}],"about":[{"href":"https:\/\/ahoramasrd.com.do\/index.php?rest_route=\/wp\/v2\/types\/post"}],"author":[{"embeddable":true,"href":"https:\/\/ahoramasrd.com.do\/index.php?rest_route=\/wp\/v2\/users\/2"}],"replies":[{"embeddable":true,"href":"https:\/\/ahoramasrd.com.do\/index.php?rest_route=%2Fwp%2Fv2%2Fcomments&post=84310"}],"version-history":[{"count":0,"href":"https:\/\/ahoramasrd.com.do\/index.php?rest_route=\/wp\/v2\/posts\/84310\/revisions"}],"wp:featuredmedia":[{"embeddable":true,"href":"https:\/\/ahoramasrd.com.do\/index.php?rest_route=\/"}],"wp:attachment":[{"href":"https:\/\/ahoramasrd.com.do\/index.php?rest_route=%2Fwp%2Fv2%2Fmedia&parent=84310"}],"wp:term":[{"taxonomy":"category","embeddable":true,"href":"https:\/\/ahoramasrd.com.do\/index.php?rest_route=%2Fwp%2Fv2%2Fcategories&post=84310"},{"taxonomy":"post_tag","embeddable":true,"href":"https:\/\/ahoramasrd.com.do\/index.php?rest_route=%2Fwp%2Fv2%2Ftags&post=84310"}],"curies":[{"name":"wp","href":"https:\/\/api.w.org\/{rel}","templated":true}]}}