{"id":84859,"date":"2025-04-22T17:08:36","date_gmt":"2025-04-22T21:08:36","guid":{"rendered":"https:\/\/ahoramasrd.com.do\/?p=84859"},"modified":"2025-04-22T17:08:57","modified_gmt":"2025-04-22T21:08:57","slug":"el-encuentro-de-abinader-con-el-papa-francisco","status":"publish","type":"post","link":"https:\/\/ahoramasrd.com.do\/?p=84859","title":{"rendered":"El encuentro de Abinader con el papa Francisco"},"content":{"rendered":"\n<p>Tras la reciente partida del papa Francisco, resurgen los recuerdos de su cercan\u00eda con Latinoam\u00e9rica y su aprecio por la Rep\u00fablica Dominicana. Uno de los momentos que refleja ese v\u00ednculo fue la visita del presidente Luis Abinader al Vaticano, el 27 de mayo de 2024, acompa\u00f1ado por la primera dama Raquel Arbaje y sus tres hijas.<\/p>\n\n\n\n<p>Durante aquella audiencia privada, que se extendi\u00f3 por unos 45 minutos, el mandatario y el Sumo Pont\u00edfice conversaron sobre temas clave como la migraci\u00f3n, la situaci\u00f3n de la regi\u00f3n, la Iglesia en el pa\u00eds y asuntos internacionales. Abinader aprovech\u00f3 la ocasi\u00f3n para invitar formalmente al Papa a visitar suelo dominicano, una propuesta que fue recibida con entusiasmo, pero que no lleg\u00f3 a concretarse debido al deterioro de la salud del pont\u00edfice.<\/p>\n\n\n\n<p>El presidente describi\u00f3 la reuni\u00f3n como c\u00e1lida y muy significativa, resaltando el profundo conocimiento del papa Francisco sobre la realidad dominicana. En un gesto simb\u00f3lico, ambos intercambiaron obsequios, incluyendo un rosario hecho de larimar, piedra semipreciosa nacional, entregado por Abinader y su esposa.<\/p>\n\n\n\n<p>Este encuentro cobra un nuevo valor hist\u00f3rico tras la muerte del primer papa latinoamericano en abril de 2025, quedando como uno de sus \u00faltimos gestos de cercan\u00eda con los l\u00edderes de la regi\u00f3n y como testimonio del afecto mutuo entre el Vaticano y la Rep\u00fablica Dominicana.<\/p>\n\n\n\n<p><\/p>\n","protected":false},"excerpt":{"rendered":"<p>Tras la reciente partida del papa Francisco, resurgen los recuerdos de su cercan\u00eda con Latinoam\u00e9rica y su aprecio por la Rep\u00fablica Dominicana. Uno de los momentos que refleja ese v\u00ednculo fue la visita del presidente Luis Abinader al Vaticano, el 27 de mayo de 2024, acompa\u00f1ado por la primera dama Raquel Arbaje y sus tres [&hellip;]<\/p>\n","protected":false},"author":2,"featured_media":84860,"comment_status":"open","ping_status":"open","sticky":false,"template":"","format":"standard","meta":{"footnotes":""},"categories":[44],"tags":[845,939,58],"class_list":{"0":"post-84859","1":"post","2":"type-post","3":"status-publish","4":"format-standard","5":"has-post-thumbnail","7":"category-actualidad","8":"tag-ahora-mas-rd","9":"tag-cada-minuto-una-verdad","10":"tag-republica-dominicana"},"aioseo_notices":[],"amp_enabled":true,"_links":{"self":[{"href":"https:\/\/ahoramasrd.com.do\/index.php?rest_route=\/wp\/v2\/posts\/84859","targetHints":{"allow":["GET"]}}],"collection":[{"href":"https:\/\/ahoramasrd.com.do\/index.php?rest_route=\/wp\/v2\/posts"}],"about":[{"href":"https:\/\/ahoramasrd.com.do\/index.php?rest_route=\/wp\/v2\/types\/post"}],"author":[{"embeddable":true,"href":"https:\/\/ahoramasrd.com.do\/index.php?rest_route=\/wp\/v2\/users\/2"}],"replies":[{"embeddable":true,"href":"https:\/\/ahoramasrd.com.do\/index.php?rest_route=%2Fwp%2Fv2%2Fcomments&post=84859"}],"version-history":[{"count":0,"href":"https:\/\/ahoramasrd.com.do\/index.php?rest_route=\/wp\/v2\/posts\/84859\/revisions"}],"wp:featuredmedia":[{"embeddable":true,"href":"https:\/\/ahoramasrd.com.do\/index.php?rest_route=\/"}],"wp:attachment":[{"href":"https:\/\/ahoramasrd.com.do\/index.php?rest_route=%2Fwp%2Fv2%2Fmedia&parent=84859"}],"wp:term":[{"taxonomy":"category","embeddable":true,"href":"https:\/\/ahoramasrd.com.do\/index.php?rest_route=%2Fwp%2Fv2%2Fcategories&post=84859"},{"taxonomy":"post_tag","embeddable":true,"href":"https:\/\/ahoramasrd.com.do\/index.php?rest_route=%2Fwp%2Fv2%2Ftags&post=84859"}],"curies":[{"name":"wp","href":"https:\/\/api.w.org\/{rel}","templated":true}]}}