{"id":84865,"date":"2025-04-22T17:37:14","date_gmt":"2025-04-22T21:37:14","guid":{"rendered":"https:\/\/ahoramasrd.com.do\/?p=84865"},"modified":"2025-04-22T17:37:16","modified_gmt":"2025-04-22T21:37:16","slug":"emma-polanco-sera-la-nueva-presidenta-de-la-camara-de-cuentas","status":"publish","type":"post","link":"https:\/\/ahoramasrd.com.do\/?p=84865","title":{"rendered":"Emma Polanco ser\u00e1 la nueva presidenta de la C\u00e1mara de Cuentas"},"content":{"rendered":"\n<p>SANTO DOMINGO \u2013 En una decisi\u00f3n tomada este martes por el Senado de la Rep\u00fablica, la exrectora de la Universidad Aut\u00f3noma de Santo Domingo (UASD), Emma Polanco, fue seleccionada como la nueva presidenta de la C\u00e1mara de Cuentas de la Rep\u00fablica Dominicana para el per\u00edodo 2025-2029, el \u00f3rgano encargado de auditar las cuentas p\u00fablicas del pa\u00eds.<\/p>\n\n\n\n<p>Polanco, quien cuenta con una amplia trayectoria acad\u00e9mica y profesional, se convierte en la primera mujer en liderar este organismo fiscalizador. Su elecci\u00f3n forma parte de una renovaci\u00f3n en la C\u00e1mara de Cuentas, en la que tambi\u00e9n fueron seleccionados otros nuevos miembros.<\/p>\n\n\n\n<p>Los nuevos integrantes son: Francisco Alberto Franco Soto, Emma Polanco Melo de Mercedes, Francisco Tamares Florentino, Ram\u00f3n M\u00e9ndez Acosta y Griselda G\u00f3mez Santana. Los miembros ejercer\u00e1n sus funciones hasta tanto sean designados sus sustitutos, conforme lo establece el art\u00edculo 16 de la Ley 18-24 del 12 de junio de 2024.<\/p>\n\n\n\n<p>El bufete directivo de la C\u00e1mara de Cuentas qued\u00f3 constituido de la siguiente manera:<\/p>\n\n\n\n<ul class=\"wp-block-list\">\n<li>Presidenta: Emma Polanco Melo de Mercedes<\/li>\n\n\n\n<li>Vicepresidente: Francisco Tamares Florentino<\/li>\n\n\n\n<li>Miembros: Francisco Alberto Franco Soto, Ram\u00f3n M\u00e9ndez Acosta y Griselda G\u00f3mez Santana<br>El Senado aprob\u00f3 esta designaci\u00f3n tras un proceso de votaci\u00f3n en el que se presentaron varias ternas enviadas por la C\u00e1mara de Diputados, y que incluy\u00f3 una propuesta consensuada por los legisladores. A pesar de las opiniones divididas entre los miembros del Senado, el consenso alcanzado entre los partidos permiti\u00f3 que Polanco asumiera este importante cargo.<\/li>\n<\/ul>\n\n\n\n<p>La elecci\u00f3n de los nuevos miembros de la C\u00e1mara de Cuentas tambi\u00e9n implicar\u00e1 la sustituci\u00f3n de las actuales autoridades, incluyendo al presidente saliente Janel Andr\u00e9s Ram\u00edrez S\u00e1nchez, y otros miembros del organismo.<\/p>\n","protected":false},"excerpt":{"rendered":"<p>SANTO DOMINGO \u2013 En una decisi\u00f3n tomada este martes por el Senado de la Rep\u00fablica, la exrectora de la Universidad Aut\u00f3noma de Santo Domingo (UASD), Emma Polanco, fue seleccionada como la nueva presidenta de la C\u00e1mara de Cuentas de la Rep\u00fablica Dominicana para el per\u00edodo 2025-2029, el \u00f3rgano encargado de auditar las cuentas p\u00fablicas del [&hellip;]<\/p>\n","protected":false},"author":2,"featured_media":84866,"comment_status":"open","ping_status":"open","sticky":false,"template":"","format":"standard","meta":{"footnotes":""},"categories":[44],"tags":[845,939,58],"class_list":{"0":"post-84865","1":"post","2":"type-post","3":"status-publish","4":"format-standard","5":"has-post-thumbnail","7":"category-actualidad","8":"tag-ahora-mas-rd","9":"tag-cada-minuto-una-verdad","10":"tag-republica-dominicana"},"aioseo_notices":[],"amp_enabled":true,"_links":{"self":[{"href":"https:\/\/ahoramasrd.com.do\/index.php?rest_route=\/wp\/v2\/posts\/84865","targetHints":{"allow":["GET"]}}],"collection":[{"href":"https:\/\/ahoramasrd.com.do\/index.php?rest_route=\/wp\/v2\/posts"}],"about":[{"href":"https:\/\/ahoramasrd.com.do\/index.php?rest_route=\/wp\/v2\/types\/post"}],"author":[{"embeddable":true,"href":"https:\/\/ahoramasrd.com.do\/index.php?rest_route=\/wp\/v2\/users\/2"}],"replies":[{"embeddable":true,"href":"https:\/\/ahoramasrd.com.do\/index.php?rest_route=%2Fwp%2Fv2%2Fcomments&post=84865"}],"version-history":[{"count":0,"href":"https:\/\/ahoramasrd.com.do\/index.php?rest_route=\/wp\/v2\/posts\/84865\/revisions"}],"wp:featuredmedia":[{"embeddable":true,"href":"https:\/\/ahoramasrd.com.do\/index.php?rest_route=\/"}],"wp:attachment":[{"href":"https:\/\/ahoramasrd.com.do\/index.php?rest_route=%2Fwp%2Fv2%2Fmedia&parent=84865"}],"wp:term":[{"taxonomy":"category","embeddable":true,"href":"https:\/\/ahoramasrd.com.do\/index.php?rest_route=%2Fwp%2Fv2%2Fcategories&post=84865"},{"taxonomy":"post_tag","embeddable":true,"href":"https:\/\/ahoramasrd.com.do\/index.php?rest_route=%2Fwp%2Fv2%2Ftags&post=84865"}],"curies":[{"name":"wp","href":"https:\/\/api.w.org\/{rel}","templated":true}]}}