{"id":84868,"date":"2025-04-22T17:50:13","date_gmt":"2025-04-22T21:50:13","guid":{"rendered":"https:\/\/ahoramasrd.com.do\/?p=84868"},"modified":"2025-04-22T17:50:14","modified_gmt":"2025-04-22T21:50:14","slug":"antonio-espaillat-dara-entrevista-este-miercoles-tras-tragedia-del-jet-set","status":"publish","type":"post","link":"https:\/\/ahoramasrd.com.do\/?p=84868","title":{"rendered":"Antonio Espaillat dar\u00e1 entrevista este mi\u00e9rcoles tras tragedia del Jet Set"},"content":{"rendered":"\n<p>Santo Domingo. \u2013 Tras la tragedia que enlut\u00f3 a la Rep\u00fablica Dominicana el pasado 8 de abril, cuando colaps\u00f3 el techo de la discoteca Jet Set durante un evento, dejando un saldo de 232 personas fallecidas, el propietario del establecimiento, Antonio Espaillat, hablar\u00e1 p\u00fablicamente por primera vez en una entrevista televisiva.<\/p>\n\n\n\n<p>El anuncio fue hecho por la periodista Edith Febles, quien comparti\u00f3 a trav\u00e9s de sus redes sociales una imagen de Espaillat junto al anuncio de la entrevista que se transmitir\u00e1 este mi\u00e9rcoles 23 de abril en el programa matutino \u201cEl D\u00eda\u201d, por Telenoticias Canal 11.<\/p>\n\n\n\n<p>Aunque Espaillat hab\u00eda emitido previamente un posicionamiento en video expresando pesar por la tragedia, esta ser\u00e1 su primera aparici\u00f3n en un espacio de preguntas y respuestas tras el siniestro que ha generado un amplio debate nacional y ha puesto en el centro de atenci\u00f3n a las autoridades, empresarios y reguladores del sector entretenimiento.<\/p>\n\n\n\n<p>La expectativa en torno a su participaci\u00f3n es alta, en medio de una investigaci\u00f3n abierta por parte del Ministerio P\u00fablico y cuestionamientos sobre posibles responsabilidades en el colapso estructural del reconocido centro nocturno.<\/p>\n","protected":false},"excerpt":{"rendered":"<p>Santo Domingo. \u2013 Tras la tragedia que enlut\u00f3 a la Rep\u00fablica Dominicana el pasado 8 de abril, cuando colaps\u00f3 el techo de la discoteca Jet Set durante un evento, dejando un saldo de 232 personas fallecidas, el propietario del establecimiento, Antonio Espaillat, hablar\u00e1 p\u00fablicamente por primera vez en una entrevista televisiva. El anuncio fue hecho [&hellip;]<\/p>\n","protected":false},"author":2,"featured_media":84869,"comment_status":"open","ping_status":"open","sticky":false,"template":"","format":"standard","meta":{"footnotes":""},"categories":[44],"tags":[845,939,58],"class_list":{"0":"post-84868","1":"post","2":"type-post","3":"status-publish","4":"format-standard","5":"has-post-thumbnail","7":"category-actualidad","8":"tag-ahora-mas-rd","9":"tag-cada-minuto-una-verdad","10":"tag-republica-dominicana"},"aioseo_notices":[],"amp_enabled":true,"_links":{"self":[{"href":"https:\/\/ahoramasrd.com.do\/index.php?rest_route=\/wp\/v2\/posts\/84868","targetHints":{"allow":["GET"]}}],"collection":[{"href":"https:\/\/ahoramasrd.com.do\/index.php?rest_route=\/wp\/v2\/posts"}],"about":[{"href":"https:\/\/ahoramasrd.com.do\/index.php?rest_route=\/wp\/v2\/types\/post"}],"author":[{"embeddable":true,"href":"https:\/\/ahoramasrd.com.do\/index.php?rest_route=\/wp\/v2\/users\/2"}],"replies":[{"embeddable":true,"href":"https:\/\/ahoramasrd.com.do\/index.php?rest_route=%2Fwp%2Fv2%2Fcomments&post=84868"}],"version-history":[{"count":0,"href":"https:\/\/ahoramasrd.com.do\/index.php?rest_route=\/wp\/v2\/posts\/84868\/revisions"}],"wp:featuredmedia":[{"embeddable":true,"href":"https:\/\/ahoramasrd.com.do\/index.php?rest_route=\/"}],"wp:attachment":[{"href":"https:\/\/ahoramasrd.com.do\/index.php?rest_route=%2Fwp%2Fv2%2Fmedia&parent=84868"}],"wp:term":[{"taxonomy":"category","embeddable":true,"href":"https:\/\/ahoramasrd.com.do\/index.php?rest_route=%2Fwp%2Fv2%2Fcategories&post=84868"},{"taxonomy":"post_tag","embeddable":true,"href":"https:\/\/ahoramasrd.com.do\/index.php?rest_route=%2Fwp%2Fv2%2Ftags&post=84868"}],"curies":[{"name":"wp","href":"https:\/\/api.w.org\/{rel}","templated":true}]}}