{"id":84874,"date":"2025-04-22T18:22:07","date_gmt":"2025-04-22T22:22:07","guid":{"rendered":"https:\/\/ahoramasrd.com.do\/?p=84874"},"modified":"2025-04-22T18:22:08","modified_gmt":"2025-04-22T22:22:08","slug":"nuevos-titulares-de-la-camara-de-cuentas-seran-juramentados-este-miercoles","status":"publish","type":"post","link":"https:\/\/ahoramasrd.com.do\/?p=84874","title":{"rendered":"Nuevos titulares de la C\u00e1mara de Cuentas ser\u00e1n juramentados este mi\u00e9rcoles"},"content":{"rendered":"\n<p>Los nuevos titulares de la C\u00e1mara de Cuentas de la Rep\u00fablica Dominicana, escogidos la tarde de este martes por el Senado de la Rep\u00fablica, ser\u00e1n juramentados ma\u00f1ana mi\u00e9rcoles 23 de abril a las 11:00 de la ma\u00f1ana.<\/p>\n\n\n\n<p>As\u00ed lo inform\u00f3 el senador, Ram\u00f3n Rogelio Genao Dur\u00e1n, quien agreg\u00f3 que el acto de juramentaci\u00f3n ser\u00e1 llevados a cabo en el sal\u00f3n Polivalente del Senado de la Rep\u00fablica, y posteriormente ir\u00e1n a las instalaciones de la C\u00e1mara de Cuentas para dejarlos posesionados.<\/p>\n\n\n\n<p>Se recuerda que el Senado acogi\u00f3 este martes el nuevo pleno de la C\u00e1mara de Cuentas para los pr\u00f3ximos cuatro a\u00f1os, presidido por la catedr\u00e1tica Emma Polanco Melo, exrectora de la Universidad Aut\u00f3noma de Santo Domingo (UASD).<\/p>\n\n\n\n<p>Los dem\u00e1s integrantes son: Francisco Tamarez Florentino, vicepresidente, y los miembros Griselda G\u00f3mez Santana, Francisco Alberto Franco y Ram\u00f3n M\u00e9ndez Acosta, quienes sustituir\u00e1n a un quinteto presidido por Janel Andr\u00e9s Ram\u00edrez S\u00e1nchez, protagonizado por diversos esc\u00e1ndalos a lo largo de su gesti\u00f3n.<\/p>\n\n\n\n<p>La aprobaci\u00f3n de los t\u00edtulos del \u00f3rgano de control de las instituciones p\u00fablicas, obtuvieron la aprobaci\u00f3n de 20 senadores y la desaprobaci\u00f3n de 3 de ellos.<\/p>\n","protected":false},"excerpt":{"rendered":"<p>Los nuevos titulares de la C\u00e1mara de Cuentas de la Rep\u00fablica Dominicana, escogidos la tarde de este martes por el Senado de la Rep\u00fablica, ser\u00e1n juramentados ma\u00f1ana mi\u00e9rcoles 23 de abril a las 11:00 de la ma\u00f1ana. As\u00ed lo inform\u00f3 el senador, Ram\u00f3n Rogelio Genao Dur\u00e1n, quien agreg\u00f3 que el acto de juramentaci\u00f3n ser\u00e1 llevados [&hellip;]<\/p>\n","protected":false},"author":2,"featured_media":84875,"comment_status":"open","ping_status":"open","sticky":false,"template":"","format":"standard","meta":{"footnotes":""},"categories":[44],"tags":[845,939,58],"class_list":{"0":"post-84874","1":"post","2":"type-post","3":"status-publish","4":"format-standard","5":"has-post-thumbnail","7":"category-actualidad","8":"tag-ahora-mas-rd","9":"tag-cada-minuto-una-verdad","10":"tag-republica-dominicana"},"aioseo_notices":[],"amp_enabled":true,"_links":{"self":[{"href":"https:\/\/ahoramasrd.com.do\/index.php?rest_route=\/wp\/v2\/posts\/84874","targetHints":{"allow":["GET"]}}],"collection":[{"href":"https:\/\/ahoramasrd.com.do\/index.php?rest_route=\/wp\/v2\/posts"}],"about":[{"href":"https:\/\/ahoramasrd.com.do\/index.php?rest_route=\/wp\/v2\/types\/post"}],"author":[{"embeddable":true,"href":"https:\/\/ahoramasrd.com.do\/index.php?rest_route=\/wp\/v2\/users\/2"}],"replies":[{"embeddable":true,"href":"https:\/\/ahoramasrd.com.do\/index.php?rest_route=%2Fwp%2Fv2%2Fcomments&post=84874"}],"version-history":[{"count":0,"href":"https:\/\/ahoramasrd.com.do\/index.php?rest_route=\/wp\/v2\/posts\/84874\/revisions"}],"wp:featuredmedia":[{"embeddable":true,"href":"https:\/\/ahoramasrd.com.do\/index.php?rest_route=\/"}],"wp:attachment":[{"href":"https:\/\/ahoramasrd.com.do\/index.php?rest_route=%2Fwp%2Fv2%2Fmedia&parent=84874"}],"wp:term":[{"taxonomy":"category","embeddable":true,"href":"https:\/\/ahoramasrd.com.do\/index.php?rest_route=%2Fwp%2Fv2%2Fcategories&post=84874"},{"taxonomy":"post_tag","embeddable":true,"href":"https:\/\/ahoramasrd.com.do\/index.php?rest_route=%2Fwp%2Fv2%2Ftags&post=84874"}],"curies":[{"name":"wp","href":"https:\/\/api.w.org\/{rel}","templated":true}]}}