{"id":84895,"date":"2025-04-24T16:47:46","date_gmt":"2025-04-24T20:47:46","guid":{"rendered":"https:\/\/ahoramasrd.com.do\/?p=84895"},"modified":"2025-04-24T16:48:04","modified_gmt":"2025-04-24T20:48:04","slug":"antigua-orden-dominicana-a-amnistia-internacional-rd-es-de-nosotros-aqui-mandamos-nosotros","status":"publish","type":"post","link":"https:\/\/ahoramasrd.com.do\/?p=84895","title":{"rendered":"Antigua Orden Dominicana a Amnist\u00eda Internacional: \"RD es de nosotros. Aqu\u00ed m\u00e1ndamos nosotros\""},"content":{"rendered":"\n<p>El l\u00edder de la Antigua Orden \u00c1ngelo V\u00e1squez, en una manifestaci\u00f3n frente al Palacio Nacional, respondi\u00f3 este jueves a las cr\u00edticas de Amnist\u00eda Internacional, sobre las medidas migratorias que ejecuta el gobierno de la Rep\u00fablica Dominicana.<\/p>\n\n\n\n<p>\u201cEl pueblo dominicano estar\u00e1 en las calles para enfrentar a Amnist\u00eda Internacional. Aqu\u00ed m\u00e1ndanos nosotros\u201d, expres\u00f3.<\/p>\n\n\n\n<p>Al encabezar la manifestaci\u00f3n en contra de la migraci\u00f3n haitiana que llegar\u00e1 hasta el Palacio Presidencial, pidi\u00f3 al presidente de la Rep\u00fablica, Luis Abinader a que detenga la marcha convocada para el pr\u00f3ximo domingo por el movimiento Reconocido hacia el Altar de la Patria.<\/p>\n\n\n\n<p>\u201cHemos venido aqu\u00ed frente al Palacio Nacional a pedirle al presidente de la Rep\u00fablica, Luis Abinader detenga la marcha haitiana convocada para este domingo por el movimiento Reconocido al Altar de la Patria. Presidente detenga la marcha haitiana con el coraz\u00f3n de la dominicanidad\u201d, sostuvo V\u00e1squez.<\/p>\n\n\n\n<p>Esta ser\u00e1 la segunda marcha que realizar\u00e1 esa organizaci\u00f3n luego de que encabezaran la celebrada el Hoyo de Friusa, en B\u00e1varo-Punta Cana, en donde cientos de dominicanos protestaron por la gran cantidad de migrantes haitianos que residen en esa zona.<\/p>\n\n\n\n<p>La manifestaci\u00f3n, acudi\u00f3 cientos de personas, que se desplazaron desde la avenida M\u00e1ximo G\u00f3mez, 27 de Febrero hasta los alrededores del Palacio Presidencial para llevar un mensaje al presidente Luis Abinader, de que el pueblo estar\u00e1 vigilante ante las 15 medidas migratorias y para que detenga la marcha pautada por los migrantes haitianos este 27 de abril hacia el Altar de la Patria.<\/p>\n\n\n\n<p>Los manifestantes portaban banderas, trompetas y pancartas con mensajes como \u201cNi vud\u00fa ni gag\u00e1 este pueblo es de Jehov\u00e1\u201d, \u201cQuedan remanentes patri\u00f3ticos\u201d, \u201cSi la RD le pertenece, a qui\u00e9n le corresponde Hait\u00ed, sea usted el jurado\u201d y \u201cDefender la Patria no es racismo\u201d.<\/p>\n","protected":false},"excerpt":{"rendered":"<p>El l\u00edder de la Antigua Orden \u00c1ngelo V\u00e1squez, en una manifestaci\u00f3n frente al Palacio Nacional, respondi\u00f3 este jueves a las cr\u00edticas de Amnist\u00eda Internacional, sobre las medidas migratorias que ejecuta el gobierno de la Rep\u00fablica Dominicana. \u201cEl pueblo dominicano estar\u00e1 en las calles para enfrentar a Amnist\u00eda Internacional. Aqu\u00ed m\u00e1ndanos nosotros\u201d, expres\u00f3. Al encabezar la [&hellip;]<\/p>\n","protected":false},"author":2,"featured_media":84896,"comment_status":"open","ping_status":"open","sticky":false,"template":"","format":"standard","meta":{"footnotes":""},"categories":[44],"tags":[845,939,58],"class_list":{"0":"post-84895","1":"post","2":"type-post","3":"status-publish","4":"format-standard","5":"has-post-thumbnail","7":"category-actualidad","8":"tag-ahora-mas-rd","9":"tag-cada-minuto-una-verdad","10":"tag-republica-dominicana"},"aioseo_notices":[],"amp_enabled":true,"_links":{"self":[{"href":"https:\/\/ahoramasrd.com.do\/index.php?rest_route=\/wp\/v2\/posts\/84895","targetHints":{"allow":["GET"]}}],"collection":[{"href":"https:\/\/ahoramasrd.com.do\/index.php?rest_route=\/wp\/v2\/posts"}],"about":[{"href":"https:\/\/ahoramasrd.com.do\/index.php?rest_route=\/wp\/v2\/types\/post"}],"author":[{"embeddable":true,"href":"https:\/\/ahoramasrd.com.do\/index.php?rest_route=\/wp\/v2\/users\/2"}],"replies":[{"embeddable":true,"href":"https:\/\/ahoramasrd.com.do\/index.php?rest_route=%2Fwp%2Fv2%2Fcomments&post=84895"}],"version-history":[{"count":0,"href":"https:\/\/ahoramasrd.com.do\/index.php?rest_route=\/wp\/v2\/posts\/84895\/revisions"}],"wp:featuredmedia":[{"embeddable":true,"href":"https:\/\/ahoramasrd.com.do\/index.php?rest_route=\/"}],"wp:attachment":[{"href":"https:\/\/ahoramasrd.com.do\/index.php?rest_route=%2Fwp%2Fv2%2Fmedia&parent=84895"}],"wp:term":[{"taxonomy":"category","embeddable":true,"href":"https:\/\/ahoramasrd.com.do\/index.php?rest_route=%2Fwp%2Fv2%2Fcategories&post=84895"},{"taxonomy":"post_tag","embeddable":true,"href":"https:\/\/ahoramasrd.com.do\/index.php?rest_route=%2Fwp%2Fv2%2Ftags&post=84895"}],"curies":[{"name":"wp","href":"https:\/\/api.w.org\/{rel}","templated":true}]}}