{"id":84936,"date":"2025-04-25T11:04:37","date_gmt":"2025-04-25T15:04:37","guid":{"rendered":"https:\/\/ahoramasrd.com.do\/?p=84936"},"modified":"2025-04-25T11:04:38","modified_gmt":"2025-04-25T15:04:38","slug":"wilfrido-vargas-celebra-su-cumpleanos-numero-76-rodeado-de-carino-y-musica","status":"publish","type":"post","link":"https:\/\/ahoramasrd.com.do\/?p=84936","title":{"rendered":"Wilfrido Vargas celebra su cumplea\u00f1os n\u00famero 76 rodeado de cari\u00f1o y m\u00fasica"},"content":{"rendered":"\n<p>El legendario merenguero dominicano Wilfrido Vargas celebr\u00f3 este mi\u00e9rcoles 24 de abril su cumplea\u00f1os n\u00famero 76, rodeado del cari\u00f1o de sus seguidores, colegas del arte y familiares que no dejaron pasar la oportunidad para rendir homenaje a una de las figuras m\u00e1s influyentes del merengue a nivel mundial.<\/p>\n\n\n\n<p>A trav\u00e9s de las redes sociales, numerosas personalidades y fan\u00e1ticos compartieron mensajes destacando su legado musical y su incansable energ\u00eda sobre los escenarios.<\/p>\n\n\n\n<p>Con m\u00e1s de cinco d\u00e9cadas de carrera, Wilfrido Vargas es considerado un \u00edcono del merengue y una figura clave en su internacionalizaci\u00f3n. \u00c9xitos como El africano, Abusadora, El baile del perrito y Volver\u00e9 siguen siendo infaltables en fiestas y celebraciones dentro y fuera del pa\u00eds.<\/p>\n\n\n\n<p>Aunque no ofreci\u00f3 detalles sobre c\u00f3mo celebr\u00f3 este a\u00f1o, en entrevistas anteriores el artista ha compartido que su mayor regalo siempre ser\u00e1 el aplauso del p\u00fablico y la oportunidad de seguir llevando su m\u00fasica a nuevas generaciones.<\/p>\n\n\n\n<p>A sus 76 a\u00f1os, Wilfrido Vargas contin\u00faa activo y comprometido con la promoci\u00f3n del merengue como Patrimonio Cultural Inmaterial de la Humanidad, y mantiene su esp\u00edritu jovial intacto, demostrando que la m\u00fasica no tiene edad.<\/p>\n","protected":false},"excerpt":{"rendered":"<p>El legendario merenguero dominicano Wilfrido Vargas celebr\u00f3 este mi\u00e9rcoles 24 de abril su cumplea\u00f1os n\u00famero 76, rodeado del cari\u00f1o de sus seguidores, colegas del arte y familiares que no dejaron pasar la oportunidad para rendir homenaje a una de las figuras m\u00e1s influyentes del merengue a nivel mundial. A trav\u00e9s de las redes sociales, numerosas [&hellip;]<\/p>\n","protected":false},"author":2,"featured_media":84937,"comment_status":"open","ping_status":"open","sticky":false,"template":"","format":"standard","meta":{"footnotes":""},"categories":[55],"tags":[845,939,58],"class_list":{"0":"post-84936","1":"post","2":"type-post","3":"status-publish","4":"format-standard","5":"has-post-thumbnail","7":"category-entretenimiento","8":"tag-ahora-mas-rd","9":"tag-cada-minuto-una-verdad","10":"tag-republica-dominicana"},"aioseo_notices":[],"amp_enabled":true,"_links":{"self":[{"href":"https:\/\/ahoramasrd.com.do\/index.php?rest_route=\/wp\/v2\/posts\/84936","targetHints":{"allow":["GET"]}}],"collection":[{"href":"https:\/\/ahoramasrd.com.do\/index.php?rest_route=\/wp\/v2\/posts"}],"about":[{"href":"https:\/\/ahoramasrd.com.do\/index.php?rest_route=\/wp\/v2\/types\/post"}],"author":[{"embeddable":true,"href":"https:\/\/ahoramasrd.com.do\/index.php?rest_route=\/wp\/v2\/users\/2"}],"replies":[{"embeddable":true,"href":"https:\/\/ahoramasrd.com.do\/index.php?rest_route=%2Fwp%2Fv2%2Fcomments&post=84936"}],"version-history":[{"count":0,"href":"https:\/\/ahoramasrd.com.do\/index.php?rest_route=\/wp\/v2\/posts\/84936\/revisions"}],"wp:featuredmedia":[{"embeddable":true,"href":"https:\/\/ahoramasrd.com.do\/index.php?rest_route=\/"}],"wp:attachment":[{"href":"https:\/\/ahoramasrd.com.do\/index.php?rest_route=%2Fwp%2Fv2%2Fmedia&parent=84936"}],"wp:term":[{"taxonomy":"category","embeddable":true,"href":"https:\/\/ahoramasrd.com.do\/index.php?rest_route=%2Fwp%2Fv2%2Fcategories&post=84936"},{"taxonomy":"post_tag","embeddable":true,"href":"https:\/\/ahoramasrd.com.do\/index.php?rest_route=%2Fwp%2Fv2%2Ftags&post=84936"}],"curies":[{"name":"wp","href":"https:\/\/api.w.org\/{rel}","templated":true}]}}