{"id":85175,"date":"2025-05-05T14:25:28","date_gmt":"2025-05-05T18:25:28","guid":{"rendered":"https:\/\/ahoramasrd.com.do\/?p=85175"},"modified":"2025-05-05T14:25:28","modified_gmt":"2025-05-05T18:25:28","slug":"bad-bunny-anuncia-gira-mundial-debi-tirar-mas-fotos-y-arranca-en-rd","status":"publish","type":"post","link":"https:\/\/ahoramasrd.com.do\/?p=85175","title":{"rendered":"Bad Bunny anuncia gira mundial \u201cDeB\u00cd TiRAR M\u00e1S FOToS\u201d y arranca en RD"},"content":{"rendered":"\n<p>SANTO DOMINGO.\u2013 Bad Bunny anunci\u00f3 este lunes su esperada gira mundial \u201cDeB\u00cd TiRAR M\u00e1S FOToS World Tour\u201d, que arrancar\u00e1 el pr\u00f3ximo 21 de noviembre de 2025 en el Estadio Ol\u00edmpico F\u00e9lix S\u00e1nchez de Santo Domingo, Rep\u00fablica Dominicana.<\/p>\n\n\n\n<p>La gira marcar\u00e1 un hito al convertir al artista puertorrique\u00f1o en el primer latino en presentarse en estadios a nivel mundial, con paradas confirmadas en Am\u00e9rica Latina, Europa, Asia y Australia.<\/p>\n\n\n\n<p>Con un total de 23 fechas hasta julio de 2026, el tour promete llevar la esencia boricua a cada rinc\u00f3n del planeta, con un espect\u00e1culo inspirado en su exitoso \u00e1lbum hom\u00f3nimo.<\/p>\n\n\n\n<p>El empresario Gamal Hach\u00e9, productor del evento en el pa\u00eds, asegur\u00f3 que el p\u00fablico dominicano vivir\u00e1 \u201cun baile inolvidable\u201d, destacando que este ser\u00e1 uno de los shows m\u00e1s grandes jam\u00e1s realizados en el pa\u00eds.<\/p>\n\n\n\n<p>El \u00e1lbum \u201cDeB\u00cd TiRAR M\u00e1S FOToS\u201d ha tenido un impacto sin precedentes, manteni\u00e9ndose en el Top 10 del Billboard 200 por 13 semanas y dominando la lista de Top Latin Albums por 16 semanas consecutivas. Adem\u00e1s, Bad Bunny se convirti\u00f3 en el primer artista latino en colocar todas las canciones<\/p>\n","protected":false},"excerpt":{"rendered":"<p>SANTO DOMINGO.\u2013 Bad Bunny anunci\u00f3 este lunes su esperada gira mundial \u201cDeB\u00cd TiRAR M\u00e1S FOToS World Tour\u201d, que arrancar\u00e1 el pr\u00f3ximo 21 de noviembre de 2025 en el Estadio Ol\u00edmpico F\u00e9lix S\u00e1nchez de Santo Domingo, Rep\u00fablica Dominicana. La gira marcar\u00e1 un hito al convertir al artista puertorrique\u00f1o en el primer latino en presentarse en estadios [&hellip;]<\/p>\n","protected":false},"author":2,"featured_media":85176,"comment_status":"open","ping_status":"open","sticky":false,"template":"","format":"standard","meta":{"footnotes":""},"categories":[55],"tags":[845,939,58],"class_list":{"0":"post-85175","1":"post","2":"type-post","3":"status-publish","4":"format-standard","5":"has-post-thumbnail","7":"category-entretenimiento","8":"tag-ahora-mas-rd","9":"tag-cada-minuto-una-verdad","10":"tag-republica-dominicana"},"aioseo_notices":[],"amp_enabled":true,"_links":{"self":[{"href":"https:\/\/ahoramasrd.com.do\/index.php?rest_route=\/wp\/v2\/posts\/85175","targetHints":{"allow":["GET"]}}],"collection":[{"href":"https:\/\/ahoramasrd.com.do\/index.php?rest_route=\/wp\/v2\/posts"}],"about":[{"href":"https:\/\/ahoramasrd.com.do\/index.php?rest_route=\/wp\/v2\/types\/post"}],"author":[{"embeddable":true,"href":"https:\/\/ahoramasrd.com.do\/index.php?rest_route=\/wp\/v2\/users\/2"}],"replies":[{"embeddable":true,"href":"https:\/\/ahoramasrd.com.do\/index.php?rest_route=%2Fwp%2Fv2%2Fcomments&post=85175"}],"version-history":[{"count":0,"href":"https:\/\/ahoramasrd.com.do\/index.php?rest_route=\/wp\/v2\/posts\/85175\/revisions"}],"wp:featuredmedia":[{"embeddable":true,"href":"https:\/\/ahoramasrd.com.do\/index.php?rest_route=\/"}],"wp:attachment":[{"href":"https:\/\/ahoramasrd.com.do\/index.php?rest_route=%2Fwp%2Fv2%2Fmedia&parent=85175"}],"wp:term":[{"taxonomy":"category","embeddable":true,"href":"https:\/\/ahoramasrd.com.do\/index.php?rest_route=%2Fwp%2Fv2%2Fcategories&post=85175"},{"taxonomy":"post_tag","embeddable":true,"href":"https:\/\/ahoramasrd.com.do\/index.php?rest_route=%2Fwp%2Fv2%2Ftags&post=85175"}],"curies":[{"name":"wp","href":"https:\/\/api.w.org\/{rel}","templated":true}]}}