{"id":85287,"date":"2025-05-10T14:20:56","date_gmt":"2025-05-10T18:20:56","guid":{"rendered":"https:\/\/ahoramasrd.com.do\/?p=85287"},"modified":"2025-05-10T14:20:56","modified_gmt":"2025-05-10T18:20:56","slug":"el-vaticano-publica-la-foto-y-el-escudo-del-papa-leon-xiv","status":"publish","type":"post","link":"https:\/\/ahoramasrd.com.do\/?p=85287","title":{"rendered":"El Vaticano publica la foto y el escudo del papa Le\u00f3n XIV"},"content":{"rendered":"\n<p>Ciudad Vaticano.- Este s\u00e1bado se publicaron el escudo y el lema del Papa Le\u00f3n XIV, as\u00ed como la imagen oficial del nuevo Pont\u00edfice elegido.<\/p>\n\n\n\n<p>El escudo est\u00e1 dividido diagonalmente en dos sectores: la parte superior tiene fondo azul y presenta un lirio blanco; la parte inferior tiene un fondo claro y presenta una imagen que recuerda a la Orden de San Agust\u00edn: un libro cerrado en el que hay un coraz\u00f3n atravesado por una flecha.<\/p>\n\n\n\n<p>La imagen recuerda la experiencia de la conversi\u00f3n de san Agust\u00edn que \u00e9l mismo explic\u00f3 con las palabras \u00abVulnerasti cor meum verbo tuo\u00bb, \u00abHas traspasado mi coraz\u00f3n con tu Palabra\u00bb.<\/p>\n\n\n\n<p>Estas son las palabras que pronunci\u00f3 san Agust\u00edn en un serm\u00f3n, la Exposici\u00f3n del Salmo 127, para explicar que \u00abaunque los cristianos seamos muchos, en el \u00fanico Cristo somos uno\u00bb.<\/p>\n\n\n\n<p>En una entrevista con medios del Vaticano en julio de 2023, el entonces cardenal Prevost explic\u00f3: \u00abComo se desprende de mi lema episcopal, la unidad y la comuni\u00f3n forman parte del carisma de la Orden de San Agust\u00edn y tambi\u00e9n de mi forma de actuar y pensar. Creo que es fundamental promover la comuni\u00f3n en la Iglesia, y sabemos bien que comuni\u00f3n, participaci\u00f3n y misi\u00f3n son las tres palabras clave del S\u00ednodo. Por lo tanto, como agustino, para m\u00ed promover la unidad y la comuni\u00f3n es fundamental. San Agust\u00edn habla mucho de la unidad en la Iglesia y de la necesidad de vivirla\u00bb.<\/p>\n\n\n\n<p>El escudo del Papa (tambi\u00e9n llamado escudo pontificio) es el escudo de armas personal del Sumo Pont\u00edfice, y tiene una gran carga simb\u00f3lica que refleja su espiritualidad, misi\u00f3n y prioridades. Aunque cada Papa tiene su propio escudo, todos comparten ciertos elementos tradicionales.<\/p>\n\n\n\n<p>Entre los elemento comunes se destacan la tira papal que tradicionalmente representa la autoridad del Papa sobre la Iglesia, las llaves cruzadas y el cord\u00f3n que une las llaves.<\/p>\n","protected":false},"excerpt":{"rendered":"<p>Ciudad Vaticano.- Este s\u00e1bado se publicaron el escudo y el lema del Papa Le\u00f3n XIV, as\u00ed como la imagen oficial del nuevo Pont\u00edfice elegido. El escudo est\u00e1 dividido diagonalmente en dos sectores: la parte superior tiene fondo azul y presenta un lirio blanco; la parte inferior tiene un fondo claro y presenta una imagen que [&hellip;]<\/p>\n","protected":false},"author":2,"featured_media":85288,"comment_status":"open","ping_status":"open","sticky":false,"template":"","format":"standard","meta":{"footnotes":""},"categories":[48],"tags":[845,939,58],"class_list":{"0":"post-85287","1":"post","2":"type-post","3":"status-publish","4":"format-standard","5":"has-post-thumbnail","7":"category-internacionales","8":"tag-ahora-mas-rd","9":"tag-cada-minuto-una-verdad","10":"tag-republica-dominicana"},"aioseo_notices":[],"amp_enabled":true,"_links":{"self":[{"href":"https:\/\/ahoramasrd.com.do\/index.php?rest_route=\/wp\/v2\/posts\/85287","targetHints":{"allow":["GET"]}}],"collection":[{"href":"https:\/\/ahoramasrd.com.do\/index.php?rest_route=\/wp\/v2\/posts"}],"about":[{"href":"https:\/\/ahoramasrd.com.do\/index.php?rest_route=\/wp\/v2\/types\/post"}],"author":[{"embeddable":true,"href":"https:\/\/ahoramasrd.com.do\/index.php?rest_route=\/wp\/v2\/users\/2"}],"replies":[{"embeddable":true,"href":"https:\/\/ahoramasrd.com.do\/index.php?rest_route=%2Fwp%2Fv2%2Fcomments&post=85287"}],"version-history":[{"count":0,"href":"https:\/\/ahoramasrd.com.do\/index.php?rest_route=\/wp\/v2\/posts\/85287\/revisions"}],"wp:featuredmedia":[{"embeddable":true,"href":"https:\/\/ahoramasrd.com.do\/index.php?rest_route=\/"}],"wp:attachment":[{"href":"https:\/\/ahoramasrd.com.do\/index.php?rest_route=%2Fwp%2Fv2%2Fmedia&parent=85287"}],"wp:term":[{"taxonomy":"category","embeddable":true,"href":"https:\/\/ahoramasrd.com.do\/index.php?rest_route=%2Fwp%2Fv2%2Fcategories&post=85287"},{"taxonomy":"post_tag","embeddable":true,"href":"https:\/\/ahoramasrd.com.do\/index.php?rest_route=%2Fwp%2Fv2%2Ftags&post=85287"}],"curies":[{"name":"wp","href":"https:\/\/api.w.org\/{rel}","templated":true}]}}