{"id":85304,"date":"2025-05-11T09:27:35","date_gmt":"2025-05-11T13:27:35","guid":{"rendered":"https:\/\/ahoramasrd.com.do\/?p=85304"},"modified":"2025-05-11T09:27:36","modified_gmt":"2025-05-11T13:27:36","slug":"papa-leon-xiv-pide-alto-al-fuego-en-gaza-y-ucrania-en-su-primera-oracion-dominical-como-pontifice","status":"publish","type":"post","link":"https:\/\/ahoramasrd.com.do\/?p=85304","title":{"rendered":"Papa Le\u00f3n XIV pide alto al fuego en Gaza y Ucrania en su primera oraci\u00f3n dominical como pont\u00edfice"},"content":{"rendered":"\n<p>En su primera oraci\u00f3n del Regina Coeli como sumo pont\u00edfice, el papa Le\u00f3n XIV apel\u00f3 con firmeza a la comunidad internacional para frenar los conflictos armados que devastan distintas regiones del planeta. Desde el balc\u00f3n central de la Bas\u00edlica de San Pedro, y frente a decenas de miles de fieles congregados en la plaza hom\u00f3nima, el Papa pidi\u00f3 por un alto el fuego inmediato en Gaza y en Ucrania, y rez\u00f3 para que se obre lo que llam\u00f3 \u201cel milagro de la paz\u201d.<\/p>\n\n\n\n<p>Durante su mensaje, el papa manifest\u00f3 su dolor por la situaci\u00f3n en la Franja de Gaza y abog\u00f3 por la pronta liberaci\u00f3n de los rehenes que a\u00fan mantiene el grupo terrorista Hamas. Tambi\u00e9n celebr\u00f3 el reciente anuncio de cese al fuego entre India y Pakist\u00e1n, consider\u00e1ndolo una se\u00f1al alentadora en medio de un escenario internacional marcado por crecientes tensiones militares.<\/p>\n\n\n\n<p>Le\u00f3n XIV destac\u00f3, adem\u00e1s, la coincidencia simb\u00f3lica de su primer Regina Coeli con el IV Domingo de Pascua, conocido como el Domingo del Buen Pastor, fecha que valor\u00f3 como un don espiritual en el inicio de su servicio como Obispo de Roma. Cerr\u00f3 su intervenci\u00f3n con una plegaria a la Virgen Mar\u00eda, resonando con fuerza entre los presentes en la Plaza de San Pedro.<\/p>\n","protected":false},"excerpt":{"rendered":"<p>En su primera oraci\u00f3n del Regina Coeli como sumo pont\u00edfice, el papa Le\u00f3n XIV apel\u00f3 con firmeza a la comunidad internacional para frenar los conflictos armados que devastan distintas regiones del planeta. Desde el balc\u00f3n central de la Bas\u00edlica de San Pedro, y frente a decenas de miles de fieles congregados en la plaza hom\u00f3nima, [&hellip;]<\/p>\n","protected":false},"author":2,"featured_media":85305,"comment_status":"open","ping_status":"open","sticky":false,"template":"","format":"standard","meta":{"footnotes":""},"categories":[48],"tags":[845,939,58],"class_list":{"0":"post-85304","1":"post","2":"type-post","3":"status-publish","4":"format-standard","5":"has-post-thumbnail","7":"category-internacionales","8":"tag-ahora-mas-rd","9":"tag-cada-minuto-una-verdad","10":"tag-republica-dominicana"},"aioseo_notices":[],"amp_enabled":true,"_links":{"self":[{"href":"https:\/\/ahoramasrd.com.do\/index.php?rest_route=\/wp\/v2\/posts\/85304","targetHints":{"allow":["GET"]}}],"collection":[{"href":"https:\/\/ahoramasrd.com.do\/index.php?rest_route=\/wp\/v2\/posts"}],"about":[{"href":"https:\/\/ahoramasrd.com.do\/index.php?rest_route=\/wp\/v2\/types\/post"}],"author":[{"embeddable":true,"href":"https:\/\/ahoramasrd.com.do\/index.php?rest_route=\/wp\/v2\/users\/2"}],"replies":[{"embeddable":true,"href":"https:\/\/ahoramasrd.com.do\/index.php?rest_route=%2Fwp%2Fv2%2Fcomments&post=85304"}],"version-history":[{"count":0,"href":"https:\/\/ahoramasrd.com.do\/index.php?rest_route=\/wp\/v2\/posts\/85304\/revisions"}],"wp:featuredmedia":[{"embeddable":true,"href":"https:\/\/ahoramasrd.com.do\/index.php?rest_route=\/"}],"wp:attachment":[{"href":"https:\/\/ahoramasrd.com.do\/index.php?rest_route=%2Fwp%2Fv2%2Fmedia&parent=85304"}],"wp:term":[{"taxonomy":"category","embeddable":true,"href":"https:\/\/ahoramasrd.com.do\/index.php?rest_route=%2Fwp%2Fv2%2Fcategories&post=85304"},{"taxonomy":"post_tag","embeddable":true,"href":"https:\/\/ahoramasrd.com.do\/index.php?rest_route=%2Fwp%2Fv2%2Ftags&post=85304"}],"curies":[{"name":"wp","href":"https:\/\/api.w.org\/{rel}","templated":true}]}}