{"id":85311,"date":"2025-05-11T14:09:39","date_gmt":"2025-05-11T18:09:39","guid":{"rendered":"https:\/\/ahoramasrd.com.do\/?p=85311"},"modified":"2025-05-11T14:09:40","modified_gmt":"2025-05-11T18:09:40","slug":"leonel-fernandez-insiste-que-reunion-convocada-por-abinader-se-haga-en-el-ces","status":"publish","type":"post","link":"https:\/\/ahoramasrd.com.do\/?p=85311","title":{"rendered":"Leonel Fern\u00e1ndez insiste que reuni\u00f3n convocada por Abinader se haga en el CES"},"content":{"rendered":"\n<p>El ex presidente de la Rep\u00fablica Leonel Fern\u00e1ndez, insisti\u00f3 este domingo que el encuentro de alto nivel convocado por el presidente Luis Abinader, con los ex presidentes, Danilo Medina e Hip\u00f3lito Mej\u00eda, se haga dentro del Consejo Econ\u00f3mico y Social pese a confirmar su participaci\u00f3n al di\u00e1logo migratorio en el Ministerio de Defensa.<\/p>\n\n\n\n<p>\u201cYo le hab\u00eda sugerido y \u00e9l (Luis Abinader) acept\u00f3 que no se quedara solamente un di\u00e1logo con los ex presidentes, sino que a todas las sociedad organizada, empresarios, sindicatos, profesionales, sociedad civil, para escucharlo y de ah\u00ed salir una propuesta nacional en el marco del Consejo Econ\u00f3mico y Social.<\/p>\n\n\n\n<p>Eso no se vas a quedar solamente en un di\u00e1logo con los ex presidentes, sino que habr\u00e1 una convocatoria para un di\u00e1logo nacional donde se obtendr\u00e1n las ideas que permitir\u00e1n elaborar un plan de acci\u00f3n para enfrentar la crisis migratoria que afecta a la Rep\u00fablica Dominicana\u201d, sostuvo.<\/p>\n\n\n\n<p>Fern\u00e1ndez precis\u00f3 que el di\u00e1logo para buscar una soluci\u00f3n a la crisis migratoria que afecta al pa\u00eds, sea ampliado a otros sectores de la sociedad donde surgir\u00e1n ideas efectivas e innovadoras para mitigar la crisis migratoria<\/p>\n\n\n\n<p>El ex mandatario confirm\u00f3 su participaci\u00f3n a la cumbre pautado para este mi\u00e9rcoles 14 de mayo a las 4:00 de la tarde en la sede del Ministerio de Defensa.<\/p>\n\n\n\n<p>\u201cNos han invitado a estar en el Ministerio de Defensa, ah\u00ed estaremos para escuchar al presidente que quiere compartir algunas informaci\u00f3n con nosotros que son sensibles para el bienestar nacional\u201d, expres\u00f3 Fern\u00e1ndez.<\/p>\n\n\n\n<p>Asimismo dijo, que en la cumbre de ex presidentes surgir\u00e1n las ideas que permitir\u00e1n elaborar un plan de acci\u00f3n para enfrentar la crisis migratoria que afecta a la Rep\u00fablica Dominicana y que requiere de un acuerdo nacional.<\/p>\n\n\n\n<p>Leonel Fern\u00e1ndez ofreci\u00f3 estas declaraciones luego de juramentar en la Fuerza del Pueblo al dirigente pol\u00edtico Christian Sttefano Gonz\u00e1lez, junto a 197 miembros de su equipo pol\u00edtico de La Vega.<\/p>\n\n\n\n<p>Se recuerda que el Gobierno dominicano confirm\u00f3 hoy que el presidente Luis Abinader se reunir\u00e1 con los exmandatarios Leonel Fern\u00e1ndez, Danilo Medina e Hip\u00f3lito Mej\u00eda, este mi\u00e9rcoles 14 de mayo en las instalaciones del Ministerio de Defensa (MIDE).<\/p>\n\n\n\n<p>La cumbre es una reconfiguraci\u00f3n a la carta que Abinader extern\u00f3 a los exgobernantes, suscrita en fecha 30 de abril, convoc\u00e1ndoles a un di\u00e1logo sobre la escalonada crisis haitiana en un encuentro calificado de \u201calto nivel\u201d.<\/p>\n\n\n\n<p>La celebraci\u00f3n del encuentro en la sede de Defensa fue acogida por los l\u00edderes opositores, Medina y Fern\u00e1ndez, quienes mostraron desacuerdos, en primera instancia, con debatir estos temas en Palacio Nacional.<\/p>\n","protected":false},"excerpt":{"rendered":"<p>El ex presidente de la Rep\u00fablica Leonel Fern\u00e1ndez, insisti\u00f3 este domingo que el encuentro de alto nivel convocado por el presidente Luis Abinader, con los ex presidentes, Danilo Medina e Hip\u00f3lito Mej\u00eda, se haga dentro del Consejo Econ\u00f3mico y Social pese a confirmar su participaci\u00f3n al di\u00e1logo migratorio en el Ministerio de Defensa. \u201cYo le [&hellip;]<\/p>\n","protected":false},"author":2,"featured_media":85312,"comment_status":"open","ping_status":"open","sticky":false,"template":"","format":"standard","meta":{"footnotes":""},"categories":[44],"tags":[845,939,58],"class_list":{"0":"post-85311","1":"post","2":"type-post","3":"status-publish","4":"format-standard","5":"has-post-thumbnail","7":"category-actualidad","8":"tag-ahora-mas-rd","9":"tag-cada-minuto-una-verdad","10":"tag-republica-dominicana"},"aioseo_notices":[],"amp_enabled":true,"_links":{"self":[{"href":"https:\/\/ahoramasrd.com.do\/index.php?rest_route=\/wp\/v2\/posts\/85311","targetHints":{"allow":["GET"]}}],"collection":[{"href":"https:\/\/ahoramasrd.com.do\/index.php?rest_route=\/wp\/v2\/posts"}],"about":[{"href":"https:\/\/ahoramasrd.com.do\/index.php?rest_route=\/wp\/v2\/types\/post"}],"author":[{"embeddable":true,"href":"https:\/\/ahoramasrd.com.do\/index.php?rest_route=\/wp\/v2\/users\/2"}],"replies":[{"embeddable":true,"href":"https:\/\/ahoramasrd.com.do\/index.php?rest_route=%2Fwp%2Fv2%2Fcomments&post=85311"}],"version-history":[{"count":0,"href":"https:\/\/ahoramasrd.com.do\/index.php?rest_route=\/wp\/v2\/posts\/85311\/revisions"}],"wp:featuredmedia":[{"embeddable":true,"href":"https:\/\/ahoramasrd.com.do\/index.php?rest_route=\/"}],"wp:attachment":[{"href":"https:\/\/ahoramasrd.com.do\/index.php?rest_route=%2Fwp%2Fv2%2Fmedia&parent=85311"}],"wp:term":[{"taxonomy":"category","embeddable":true,"href":"https:\/\/ahoramasrd.com.do\/index.php?rest_route=%2Fwp%2Fv2%2Fcategories&post=85311"},{"taxonomy":"post_tag","embeddable":true,"href":"https:\/\/ahoramasrd.com.do\/index.php?rest_route=%2Fwp%2Fv2%2Ftags&post=85311"}],"curies":[{"name":"wp","href":"https:\/\/api.w.org\/{rel}","templated":true}]}}