{"id":85314,"date":"2025-05-11T15:01:49","date_gmt":"2025-05-11T19:01:49","guid":{"rendered":"https:\/\/ahoramasrd.com.do\/?p=85314"},"modified":"2025-05-11T15:01:50","modified_gmt":"2025-05-11T19:01:50","slug":"vinicio-castillo-recomienda-a-abinader-reunirse-por-separado-con-expresidentes-para-abordar-crisis-haitiana","status":"publish","type":"post","link":"https:\/\/ahoramasrd.com.do\/?p=85314","title":{"rendered":"Vinicio Castillo recomienda a Abinader reunirse por separado con expresidentes para abordar crisis haitiana"},"content":{"rendered":"\n<p>SANTO DOMINGO. \u2013 El abogado y dirigente de la Fuerza Nacional Progresista (FNP), Vinicio Castillo Sem\u00e1n, propuso que el presidente Luis Abinader se re\u00fana por separado con los expresidentes Leonel Fern\u00e1ndez, Hip\u00f3lito Mej\u00eda y Danilo Medina para coordinar una respuesta institucional frente a la crisis haitiana.<\/p>\n\n\n\n<p>Durante su participaci\u00f3n en el programa \u201cRese\u00f1as, el Podcast\u201d, conducido por los periodistas Rafael N\u00fa\u00f1ez, Adelaida Mart\u00ednez y Yarit Ortiz, Castillo Sem\u00e1n consider\u00f3 que los encuentros bilaterales permitir\u00edan mayor franqueza en el intercambio de ideas.<\/p>\n\n\n\n<p>Adem\u00e1s, agreg\u00f3 que esta estrategia tambi\u00e9n fortalecer\u00eda la imagen de unidad nacional ante la comunidad internacional.<\/p>\n\n\n\n<p>\u201cYo particularmente creo que la cumbre presidencial debe ser por separado. Creo que puede ser mucho m\u00e1s provechoso si se quiere sacar los consejos de expresidentes por vivencias pasadas\u201d, expres\u00f3.<\/p>\n\n\n\n<p>Al argumentar sobre su propuesta, explic\u00f3 que \u201cLeonel Fern\u00e1ndez no le dir\u00eda muchas cosas a Abinader sobre el tema haitiano delante de Danilo Medina o de Hip\u00f3lito Mej\u00eda\u201d.<\/p>\n\n\n\n<p>Por ello, afirm\u00f3 que una serie de reuniones individuales permitir\u00eda construir consensos reales sin presiones ni posiciones pol\u00edticas cruzadas.<\/p>\n\n\n\n<p>Castillo se\u00f1al\u00f3 que tanto Abinader como Fern\u00e1ndez \u201crepresentan electoralmente alrededor del 90 % del pa\u00eds conforme a las elecciones pasadas\u201d.<\/p>\n\n\n\n<p>Sostuvo que por esa raz\u00f3n una postura conjunta entre ambos enviar\u00eda una se\u00f1al de legitimidad y unidad nacional frente a la amenaza migratoria.<\/p>\n\n\n\n<p>Respecto a Hip\u00f3lito Mej\u00eda sostuvo que por su cercan\u00eda con el Gobierno, \u201cno creo que tenga mayor problema de comerse un \u00b4mangucito\u00b4 en el Palacio o en la misma casa de Hip\u00f3lito para hablar del tema haitiano\u201d, manifest\u00f3.<\/p>\n\n\n\n<p>Con respecto a Danilo Medina, critic\u00f3 su planteamiento de recibir al presidente en la Casa Nacional del PLD, alegando que ser\u00eda inoportuno por el proceso judicial que involucra a sus hermanos.<\/p>\n\n\n\n<p>\u201cNosotros podemos tener todas las diferencias que queramos, pero en el tema de Hait\u00ed estamos unificados. Debe ser el mensaje\u201d, concluy\u00f3 Castillo Sem\u00e1n.<\/p>\n\n\n\n<p>Destac\u00f3 que la seguridad nacional exige una postura com\u00fan y firme ante el deterioro del vecino pa\u00eds y la inacci\u00f3n internacional.<\/p>\n","protected":false},"excerpt":{"rendered":"<p>SANTO DOMINGO. \u2013 El abogado y dirigente de la Fuerza Nacional Progresista (FNP), Vinicio Castillo Sem\u00e1n, propuso que el presidente Luis Abinader se re\u00fana por separado con los expresidentes Leonel Fern\u00e1ndez, Hip\u00f3lito Mej\u00eda y Danilo Medina para coordinar una respuesta institucional frente a la crisis haitiana. Durante su participaci\u00f3n en el programa \u201cRese\u00f1as, el Podcast\u201d, [&hellip;]<\/p>\n","protected":false},"author":2,"featured_media":85316,"comment_status":"open","ping_status":"open","sticky":false,"template":"","format":"standard","meta":{"footnotes":""},"categories":[44],"tags":[845,939,58],"class_list":{"0":"post-85314","1":"post","2":"type-post","3":"status-publish","4":"format-standard","5":"has-post-thumbnail","7":"category-actualidad","8":"tag-ahora-mas-rd","9":"tag-cada-minuto-una-verdad","10":"tag-republica-dominicana"},"aioseo_notices":[],"amp_enabled":true,"_links":{"self":[{"href":"https:\/\/ahoramasrd.com.do\/index.php?rest_route=\/wp\/v2\/posts\/85314","targetHints":{"allow":["GET"]}}],"collection":[{"href":"https:\/\/ahoramasrd.com.do\/index.php?rest_route=\/wp\/v2\/posts"}],"about":[{"href":"https:\/\/ahoramasrd.com.do\/index.php?rest_route=\/wp\/v2\/types\/post"}],"author":[{"embeddable":true,"href":"https:\/\/ahoramasrd.com.do\/index.php?rest_route=\/wp\/v2\/users\/2"}],"replies":[{"embeddable":true,"href":"https:\/\/ahoramasrd.com.do\/index.php?rest_route=%2Fwp%2Fv2%2Fcomments&post=85314"}],"version-history":[{"count":0,"href":"https:\/\/ahoramasrd.com.do\/index.php?rest_route=\/wp\/v2\/posts\/85314\/revisions"}],"wp:featuredmedia":[{"embeddable":true,"href":"https:\/\/ahoramasrd.com.do\/index.php?rest_route=\/"}],"wp:attachment":[{"href":"https:\/\/ahoramasrd.com.do\/index.php?rest_route=%2Fwp%2Fv2%2Fmedia&parent=85314"}],"wp:term":[{"taxonomy":"category","embeddable":true,"href":"https:\/\/ahoramasrd.com.do\/index.php?rest_route=%2Fwp%2Fv2%2Fcategories&post=85314"},{"taxonomy":"post_tag","embeddable":true,"href":"https:\/\/ahoramasrd.com.do\/index.php?rest_route=%2Fwp%2Fv2%2Ftags&post=85314"}],"curies":[{"name":"wp","href":"https:\/\/api.w.org\/{rel}","templated":true}]}}