{"id":85326,"date":"2025-05-11T19:10:21","date_gmt":"2025-05-11T23:10:21","guid":{"rendered":"https:\/\/ahoramasrd.com.do\/?p=85326"},"modified":"2025-05-11T19:10:21","modified_gmt":"2025-05-11T23:10:21","slug":"gerentes-de-bancos-de-21-paises-se-reuniran-en-republica-dominicana","status":"publish","type":"post","link":"https:\/\/ahoramasrd.com.do\/?p=85326","title":{"rendered":"Gerentes de bancos de 21 pa\u00edses se reunir\u00e1n en Rep\u00fablica Dominicana"},"content":{"rendered":"\n<p>SANTO DOMINGO. -Con la presencia del presidente Luis Abinader ser\u00e1 inaugurada este lunes la 55 Asamblea General de la Asociaci\u00f3n Latinoamericana de Instituciones Financieras (ALIDE), con la participaci\u00f3n de delegados de 21 pa\u00edses de la regi\u00f3n, Alemania, Espa\u00f1a, Estados Unidos, Francia, Holanda, India, Italia y Rusia.<\/p>\n\n\n\n<p>M\u00e1s de 200 gerentes de bancos y exrepresentantes de organismos internacionales de cooperaci\u00f3n financiera, llegaron al pa\u00eds para participar en el importante c\u00f3nclave, cuya inauguraci\u00f3n ser\u00e1 a las 9:00 de la ma\u00f1ana, en el hotel en el hotel JW Marriott, en la avenida Winston Churchill.<\/p>\n\n\n\n<p>Los discursos centrales del acto ser\u00e1n pronunciados por Fernando Dur\u00e1n, administrador del Banco Agr\u00edcola de la Rep\u00fablica Dominicana (Bagr\u00edcola); Luis Antonio Ram\u00edrez, presidente de ALIDE y Jos\u00e9 Manuel Vicente, ministro de Hacienda dominicano.<\/p>\n\n\n\n<p>En la actividad, que se extender\u00e1 hasta el 14 de este mes, los participantes abordar\u00e1n los desaf\u00edos y las oportunidades en temas como seguridad econ\u00f3mica, energ\u00eda el\u00e9ctrica, seguridad alimentaria, medio ambiental y la informaci\u00f3n digital en sus pa\u00edses.<\/p>\n\n\n\n<p>El objetivo es fortalecer el financiamiento al desarrollo sostenible para sectores prioritarios como la peque\u00f1a agricultura y la innovaci\u00f3n tecnol\u00f3gica enfocada en digitalizaci\u00f3n y la inteligencia artificial.<\/p>\n\n\n\n<p>\u201cVamos a debatir sobre el futuro econ\u00f3mico y social de la regi\u00f3n\u201d, expres\u00f3 Fernando Dur\u00e1n, administrador del Bagr\u00edcola y anfitri\u00f3n de la actividad, junto al gerente general Banco de Desarrollo y Exportaciones (BANDEX), Juan Mustaf\u00e1.<\/p>\n\n\n\n<p>El programa de trabajo incluye conferencias, seminarios y reuniones paralelas en los que participar\u00e1n delegaciones de Argentina, Belice, Bolivia, Brasil, Colombia, Costa Rica, Cuba, Curazao, Ecuador, El Salvador, Grand Cayman, Guatemala, Honduras, Jamaica, M\u00e9xico, Panam\u00e1, Paraguay, Per\u00fa, y otras naciones de Am\u00e9rica Latina y el Caribe.<\/p>\n\n\n\n<p>En las discusiones participar\u00e1n figuras tan relevantes como Manuel Llueca, presidente del Instituto de Cr\u00e9dito Oficial (ICO), de Espa\u00f1a; Mar\u00eda Bel\u00e9n Loor, presidenta del Directorio, Cooperaci\u00f3n Nacional de Finanzas Populares y Solidarias (Conafips), de ecuador.<\/p>\n","protected":false},"excerpt":{"rendered":"<p>SANTO DOMINGO. -Con la presencia del presidente Luis Abinader ser\u00e1 inaugurada este lunes la 55 Asamblea General de la Asociaci\u00f3n Latinoamericana de Instituciones Financieras (ALIDE), con la participaci\u00f3n de delegados de 21 pa\u00edses de la regi\u00f3n, Alemania, Espa\u00f1a, Estados Unidos, Francia, Holanda, India, Italia y Rusia. M\u00e1s de 200 gerentes de bancos y exrepresentantes de [&hellip;]<\/p>\n","protected":false},"author":2,"featured_media":85327,"comment_status":"open","ping_status":"open","sticky":false,"template":"","format":"standard","meta":{"footnotes":""},"categories":[44],"tags":[845,939,58],"class_list":{"0":"post-85326","1":"post","2":"type-post","3":"status-publish","4":"format-standard","5":"has-post-thumbnail","7":"category-actualidad","8":"tag-ahora-mas-rd","9":"tag-cada-minuto-una-verdad","10":"tag-republica-dominicana"},"aioseo_notices":[],"amp_enabled":true,"_links":{"self":[{"href":"https:\/\/ahoramasrd.com.do\/index.php?rest_route=\/wp\/v2\/posts\/85326","targetHints":{"allow":["GET"]}}],"collection":[{"href":"https:\/\/ahoramasrd.com.do\/index.php?rest_route=\/wp\/v2\/posts"}],"about":[{"href":"https:\/\/ahoramasrd.com.do\/index.php?rest_route=\/wp\/v2\/types\/post"}],"author":[{"embeddable":true,"href":"https:\/\/ahoramasrd.com.do\/index.php?rest_route=\/wp\/v2\/users\/2"}],"replies":[{"embeddable":true,"href":"https:\/\/ahoramasrd.com.do\/index.php?rest_route=%2Fwp%2Fv2%2Fcomments&post=85326"}],"version-history":[{"count":0,"href":"https:\/\/ahoramasrd.com.do\/index.php?rest_route=\/wp\/v2\/posts\/85326\/revisions"}],"wp:featuredmedia":[{"embeddable":true,"href":"https:\/\/ahoramasrd.com.do\/index.php?rest_route=\/"}],"wp:attachment":[{"href":"https:\/\/ahoramasrd.com.do\/index.php?rest_route=%2Fwp%2Fv2%2Fmedia&parent=85326"}],"wp:term":[{"taxonomy":"category","embeddable":true,"href":"https:\/\/ahoramasrd.com.do\/index.php?rest_route=%2Fwp%2Fv2%2Fcategories&post=85326"},{"taxonomy":"post_tag","embeddable":true,"href":"https:\/\/ahoramasrd.com.do\/index.php?rest_route=%2Fwp%2Fv2%2Ftags&post=85326"}],"curies":[{"name":"wp","href":"https:\/\/api.w.org\/{rel}","templated":true}]}}