{"id":85334,"date":"2025-05-11T22:10:58","date_gmt":"2025-05-12T02:10:58","guid":{"rendered":"https:\/\/ahoramasrd.com.do\/?p=85334"},"modified":"2025-05-11T22:10:58","modified_gmt":"2025-05-12T02:10:58","slug":"la-cumbre-va-presidente-abinader-se-reunira-con-hipolito-leonel-y-danilo-en-el-ministerio-de-defensa","status":"publish","type":"post","link":"https:\/\/ahoramasrd.com.do\/?p=85334","title":{"rendered":"\u00a1La cumbre va! Presidente Abinader se reunir\u00e1 con Hip\u00f3lito, Leonel y Danilo en el Ministerio de Defensa"},"content":{"rendered":"\n<p>El Gobierno dominicano confirm\u00f3 que el presidente Luis Abinader se reunir\u00e1 con los exmandatarios Leonel Fern\u00e1ndez, Danilo Medina e Hip\u00f3lito Mej\u00eda, este mi\u00e9rcoles 14 de mayo en las instalaciones del Ministerio de Defensa (MIDE).<\/p>\n\n\n\n<p>La cumbre es una reconfiguraci\u00f3n a la carta que Abinader extern\u00f3 a los exgobernantes, suscrita en fecha 30 de abril, convoc\u00e1ndoles a un di\u00e1logo sobre la escalonada crisis haitiana en un encuentro calificado de \u201calto nivel\u201d.<\/p>\n\n\n\n<p>La celebraci\u00f3n del encuentro en la sede de Defensa fue acogida por los l\u00edderes opositores, Medina y Fern\u00e1ndez, quienes mostraron desacuerdos, en primera instancia, con debatir estos temas en Palacio Nacional.<\/p>\n\n\n\n<p>Danilo Medina le hab\u00eda pedido a Abinader que le visitara en la Casa Presidencial del PLD, mientras que Fern\u00e1ndez opt\u00f3 por una convocatoria al Consejo Econ\u00f3mico y Social (CES). El expresidente Mej\u00eda, perteneciente al gobernante PRM, tambi\u00e9n confirm\u00f3 su participaci\u00f3n.<\/p>\n\n\n\n<p>Por medio de un comunicado, la Presidencia reconoce que la reuni\u00f3n representa \u201cun gesto de responsabilidad hist\u00f3rica, que fortalece la institucionalidad democr\u00e1tica y la capacidad del Estado dominicano para actuar con unidad, madurez y visi\u00f3n de futuro\u201d.<\/p>\n\n\n\n<p>Asimismo, indica que Abinader acogi\u00f3 la sugerencia de Fern\u00e1ndez, involucrando en el proceso de consensos a los miembros del CES, bajo \"el objetivo de ampliar la participaci\u00f3n y tener un enfoque multisectorial en las decisiones\".<\/p>\n\n\n\n<p>CONTEXTO DE LA CUMBRE<br>El presidente Abinader ha sido insistente con el llamado a la acci\u00f3n de la comunidad internacional en Hait\u00ed y, en m\u00faltiples ocasiones, manifest\u00f3 que \u201cno hay una soluci\u00f3n dominicana al problema haitiano\u201d.<\/p>\n\n\n\n<p>En octubre pasado, activ\u00f3 una agresiva pol\u00edtica de deportaciones con la meta de 10,000 repatriaciones semanales. Fue respalda en d\u00edas tan recientes como abril, anunciando 15 medidas para frenar la inmigraci\u00f3n de indocumentados.<\/p>\n\n\n\n<p>Las \u00faltimas, en un contexto en que grupos nacionalistas escenificaron diversas marchas con los adjetivos de \u201cpatri\u00f3ticas\" y \u201cpacificas\u201d. Luego, la administraci\u00f3n tom\u00f3 las acciones que le \u201cenfrentan\u201d con el sector empresarial.<\/p>\n\n\n\n<p>Es visto en las consideraciones de la Asociaci\u00f3n de Industrias de la Rep\u00fablica Dominicana (AIRD), indicando, a trav\u00e9s de su presidente, Julio Brache, que la pol\u00edtica migratoria tiene un impacto negativo en diversas zonas productivas.<\/p>\n\n\n\n<p>En declaraciones a la prensa, coment\u00f3 que un proceso m\u00e1s conveniente es la regularizaci\u00f3n de los indocumentados vinculados a los sectores laborales, especialmente agricultura y construcci\u00f3n.<\/p>\n\n\n\n<p>\u201cNosotros lo que creemos es que se debe regularizar la mano de obra. En todos los pa\u00edses donde hay mano de obra importada, se emiten permisos de trabajo para (pasar la frontera) y luego se retornan a su pa\u00eds de origen\", expres\u00f3 Brache.<\/p>\n\n\n\n<p>Con estos t\u00f3picos en la mesa, Abinader buscar\u00e1 una lista de consensos, comenzando con los expresidentes, quienes, aunado a la experiencia de Estado, contin\u00faan inmersos en la actividad pol\u00edtico-partidaria.<\/p>\n\n\n\n<p>\"Para m\u00ed lo m\u00e1s importante es que el presidente ha mostrado voluntad en que ese di\u00e1logo se produzca\", dijo Fern\u00e1ndez a los medios de comunicaci\u00f3n, en momentos que no entend\u00eda prudente estar presente en Palacio.<\/p>\n\n\n\n<p>Intu\u00eda que acudir a la casa de gobierno \u201cimplicar\u00eda solamente tomarse la foto\u201d, expresando que, en su lugar, lo adecuado era citar a los miembros del CES, amparado en que es el \u00f3rgano previsto en la Constituci\u00f3n para discutir los temas sociales y laborales.<\/p>\n\n\n\n<p>Por su lado, el expresidente Medina, a trav\u00e9s de un comunicado de prensa, descart\u00f3 hacer acto de presencia en Palacio, aunque s\u00ed dispuesto a reunirse con el jefe de Estado de manera particular. Esto, eligiendo la segunda opci\u00f3n planteada por Abinader, la cual se\u00f1alaba que podr\u00eda reunirse de manera particular con cada uno.<\/p>\n\n\n\n<p>En medio de las opiniones cruzadas, le toc\u00f3 a Abinader reformular la idea proponiendo que la reuni\u00f3n tenga curso en Defensa, recibiendo una acogida favorable por todos los convocados.<\/p>\n\n\n\n<p>La carta inicial del encuentro destacaba la urgencia de la situaci\u00f3n haitiana y su impacto en la estabilidad nacional, como recoge el reciente comunicado de Presidencia. Por esto, el mandatario se\u00f1al\u00f3 la necesidad de actuar con visi\u00f3n de Estado, dirigiendo misivas donde valor\u00f3 la trayectoria, experiencia y liderazgo de los \u201cex\u201d.<\/p>\n","protected":false},"excerpt":{"rendered":"<p>El Gobierno dominicano confirm\u00f3 que el presidente Luis Abinader se reunir\u00e1 con los exmandatarios Leonel Fern\u00e1ndez, Danilo Medina e Hip\u00f3lito Mej\u00eda, este mi\u00e9rcoles 14 de mayo en las instalaciones del Ministerio de Defensa (MIDE). La cumbre es una reconfiguraci\u00f3n a la carta que Abinader extern\u00f3 a los exgobernantes, suscrita en fecha 30 de abril, convoc\u00e1ndoles [&hellip;]<\/p>\n","protected":false},"author":2,"featured_media":85335,"comment_status":"open","ping_status":"open","sticky":false,"template":"","format":"standard","meta":{"footnotes":""},"categories":[44],"tags":[845,939,58],"class_list":{"0":"post-85334","1":"post","2":"type-post","3":"status-publish","4":"format-standard","5":"has-post-thumbnail","7":"category-actualidad","8":"tag-ahora-mas-rd","9":"tag-cada-minuto-una-verdad","10":"tag-republica-dominicana"},"aioseo_notices":[],"amp_enabled":true,"_links":{"self":[{"href":"https:\/\/ahoramasrd.com.do\/index.php?rest_route=\/wp\/v2\/posts\/85334","targetHints":{"allow":["GET"]}}],"collection":[{"href":"https:\/\/ahoramasrd.com.do\/index.php?rest_route=\/wp\/v2\/posts"}],"about":[{"href":"https:\/\/ahoramasrd.com.do\/index.php?rest_route=\/wp\/v2\/types\/post"}],"author":[{"embeddable":true,"href":"https:\/\/ahoramasrd.com.do\/index.php?rest_route=\/wp\/v2\/users\/2"}],"replies":[{"embeddable":true,"href":"https:\/\/ahoramasrd.com.do\/index.php?rest_route=%2Fwp%2Fv2%2Fcomments&post=85334"}],"version-history":[{"count":0,"href":"https:\/\/ahoramasrd.com.do\/index.php?rest_route=\/wp\/v2\/posts\/85334\/revisions"}],"wp:featuredmedia":[{"embeddable":true,"href":"https:\/\/ahoramasrd.com.do\/index.php?rest_route=\/"}],"wp:attachment":[{"href":"https:\/\/ahoramasrd.com.do\/index.php?rest_route=%2Fwp%2Fv2%2Fmedia&parent=85334"}],"wp:term":[{"taxonomy":"category","embeddable":true,"href":"https:\/\/ahoramasrd.com.do\/index.php?rest_route=%2Fwp%2Fv2%2Fcategories&post=85334"},{"taxonomy":"post_tag","embeddable":true,"href":"https:\/\/ahoramasrd.com.do\/index.php?rest_route=%2Fwp%2Fv2%2Ftags&post=85334"}],"curies":[{"name":"wp","href":"https:\/\/api.w.org\/{rel}","templated":true}]}}