{"id":85340,"date":"2025-05-12T21:31:35","date_gmt":"2025-05-13T01:31:35","guid":{"rendered":"https:\/\/ahoramasrd.com.do\/?p=85340"},"modified":"2025-05-12T21:31:35","modified_gmt":"2025-05-13T01:31:35","slug":"abinader-asegura-expresidentes-demuestran-sentido-patriotico-al-aceptar-reunion","status":"publish","type":"post","link":"https:\/\/ahoramasrd.com.do\/?p=85340","title":{"rendered":"Abinader asegura expresidentes demuestran sentido patri\u00f3tico al aceptar reuni\u00f3n"},"content":{"rendered":"\n<p>El presidente de la Rep\u00fablica, Luis Abinader, valor\u00f3 como un gesto de compromiso y sentido patri\u00f3tico la disposici\u00f3n de los expresidentes Danilo Medina, Hip\u00f3lito Mej\u00eda y Leonel Fern\u00e1ndez de asistir a una reuni\u00f3n convocada por el Ejecutivo para tratar aspectos relacionados con la seguridad nacional y la situaci\u00f3n actual en Hait\u00ed.<\/p>\n\n\n\n<p>\u201cLa reuni\u00f3n va a ser informativa. Nos vamos a enfocar en la parte de la seguridad y la situaci\u00f3n de Hait\u00ed. Con respecto a la seguridad, vamos a dar algunas informaciones que yo quiero que ellos escuchen. No vamos a discutir ninguna pol\u00edtica, solamente vamos a dar algunas informaciones enfocadas en el tema de la seguridad, precis\u00f3 el mandatario.<\/p>\n\n\n\n<p>Abinader explic\u00f3 que despu\u00e9s del encuentro, habr\u00e1 un tiempo prudente para que los exjefes de Estado analicen con sus equipos los planes presentados por el Ejecutivo y puedan hacer sus recomendaciones.<\/p>\n\n\n\n<p>El encuentro est\u00e1 pautado para este mi\u00e9rcoles en el Ministerio de Defensa, y luego se programar\u00e1 una reuni\u00f3n por separado de Luis Abinader con Danilo Medina y Leonel Fern\u00e1ndez en calidad de presidentes de sus respectivos partidos.<\/p>\n\n\n\n<p><\/p>\n","protected":false},"excerpt":{"rendered":"<p>El presidente de la Rep\u00fablica, Luis Abinader, valor\u00f3 como un gesto de compromiso y sentido patri\u00f3tico la disposici\u00f3n de los expresidentes Danilo Medina, Hip\u00f3lito Mej\u00eda y Leonel Fern\u00e1ndez de asistir a una reuni\u00f3n convocada por el Ejecutivo para tratar aspectos relacionados con la seguridad nacional y la situaci\u00f3n actual en Hait\u00ed. \u201cLa reuni\u00f3n va a [&hellip;]<\/p>\n","protected":false},"author":2,"featured_media":85341,"comment_status":"open","ping_status":"open","sticky":false,"template":"","format":"standard","meta":{"footnotes":""},"categories":[44],"tags":[845,939,58],"class_list":{"0":"post-85340","1":"post","2":"type-post","3":"status-publish","4":"format-standard","5":"has-post-thumbnail","7":"category-actualidad","8":"tag-ahora-mas-rd","9":"tag-cada-minuto-una-verdad","10":"tag-republica-dominicana"},"aioseo_notices":[],"amp_enabled":true,"_links":{"self":[{"href":"https:\/\/ahoramasrd.com.do\/index.php?rest_route=\/wp\/v2\/posts\/85340","targetHints":{"allow":["GET"]}}],"collection":[{"href":"https:\/\/ahoramasrd.com.do\/index.php?rest_route=\/wp\/v2\/posts"}],"about":[{"href":"https:\/\/ahoramasrd.com.do\/index.php?rest_route=\/wp\/v2\/types\/post"}],"author":[{"embeddable":true,"href":"https:\/\/ahoramasrd.com.do\/index.php?rest_route=\/wp\/v2\/users\/2"}],"replies":[{"embeddable":true,"href":"https:\/\/ahoramasrd.com.do\/index.php?rest_route=%2Fwp%2Fv2%2Fcomments&post=85340"}],"version-history":[{"count":0,"href":"https:\/\/ahoramasrd.com.do\/index.php?rest_route=\/wp\/v2\/posts\/85340\/revisions"}],"wp:featuredmedia":[{"embeddable":true,"href":"https:\/\/ahoramasrd.com.do\/index.php?rest_route=\/"}],"wp:attachment":[{"href":"https:\/\/ahoramasrd.com.do\/index.php?rest_route=%2Fwp%2Fv2%2Fmedia&parent=85340"}],"wp:term":[{"taxonomy":"category","embeddable":true,"href":"https:\/\/ahoramasrd.com.do\/index.php?rest_route=%2Fwp%2Fv2%2Fcategories&post=85340"},{"taxonomy":"post_tag","embeddable":true,"href":"https:\/\/ahoramasrd.com.do\/index.php?rest_route=%2Fwp%2Fv2%2Ftags&post=85340"}],"curies":[{"name":"wp","href":"https:\/\/api.w.org\/{rel}","templated":true}]}}