{"id":85347,"date":"2025-05-13T18:12:43","date_gmt":"2025-05-13T22:12:43","guid":{"rendered":"https:\/\/ahoramasrd.com.do\/?p=85347"},"modified":"2025-05-13T18:12:44","modified_gmt":"2025-05-13T22:12:44","slug":"afirman-que-francisco-javier-garantiza-la-unidad-y-el-retorno-del-pld-al-poder","status":"publish","type":"post","link":"https:\/\/ahoramasrd.com.do\/?p=85347","title":{"rendered":"Afirman que Francisco Javier garantiza la unidad y el retorno del PLD al poder"},"content":{"rendered":"\n<p>Mao, Valverde. \u2013 Un extraordinario sentimiento de unidad y esperanza se vivi\u00f3 en las provincias Valverde y La Vega, donde se celebraron encuentros con miembros del Comit\u00e9 Central del PLD en apoyo al aspirante presidencial Francisco Javier Garc\u00eda.<\/p>\n\n\n\n<p>\u201cFrancisco Javier nos garantiza la unidad interna, condici\u00f3n indispensable para lograr la fortaleza que nos permitir\u00e1 volver al poder. Es un pelede\u00edsta aut\u00e9ntico, un ganador de elecciones, un grande del PLD y del pa\u00eds\u201d, afirm\u00f3 \u00c1ngela Pozo, miembro del Comit\u00e9 Central en Mao.<\/p>\n\n\n\n<p>Por su parte, los dirigentes Olgo Fern\u00e1ndez y Sonia Mateo, de Dajab\u00f3n, destacaron que la L\u00ednea Noroeste est\u00e1 cohesionada en torno al fortalecimiento del proyecto que encabeza Francisco Javier Garc\u00eda.<\/p>\n\n\n\n<p>Sonia Mateo fue enf\u00e1tica al resaltar las cualidades pol\u00edticas y gerenciales del aspirante: \u201cEs la luz de la esperanza que gu\u00eda al PLD. Tiene todas las condiciones para conducir los destinos del pa\u00eds. Es un verdadero hombre de Estado\u201d.<\/p>\n\n\n\n<p>El primero de los encuentros se realiz\u00f3 en horas de la ma\u00f1ana en Mao, donde participaron dirigentes de Dajab\u00f3n, Monte Cristi, Santiago Rodr\u00edguez y Valverde. All\u00ed, afirmaron que Francisco representa la unidad del PLD con miras a ganar las elecciones del 2028.<\/p>\n\n\n\n<p>Dirigentes como Junior Peralta, Eliseo L\u00f3pez, Pol\u00edn Cruz e Ignacio Manuel (\u201cEl Mello\u201d), de Mao, Santiago Rodr\u00edguez, Monte Cristi y Dajab\u00f3n, respectivamente, aseguraron que los miembros del Comit\u00e9 Central en esas provincias est\u00e1n listos para hacer de Francisco Javier el candidato oficial del partido el pr\u00f3ximo 8 de junio y, en 2028, el presidente de todos los dominicanos.<\/p>\n\n\n\n<p>En La Vega, los dirigentes coincidieron en que desde que Francisco anunci\u00f3 su aspiraci\u00f3n presidencial, se detuvo la \u201chemorragia\u201d interna en el PLD, porque \u00e9l inspira confianza entre los compa\u00f1eros.<\/p>\n\n\n\n<p>\u201cFrancisco es el \u00fanico que garantiza el retorno del PLD al poder. Es un compa\u00f1ero respetuoso de la institucionalidad, acoge el centralismo democr\u00e1tico que caracteriza a nuestro partido, y le duele el PLD\u201d, afirmaron.<\/p>\n\n\n\n<p>Francisco Javier anunci\u00f3 su intenci\u00f3n de ser candidato presidencial hace nueve meses. Desde entonces ha recorrido el pa\u00eds en dos ocasiones, recibiendo el respaldo mayoritario de la dirigencia del PLD.<\/p>\n\n\n\n<p>En esta etapa, mantiene encuentros con miembros del Comit\u00e9 Central, quienes han cerrado filas en torno al veterano dirigente pol\u00edtico.<\/p>\n","protected":false},"excerpt":{"rendered":"<p>Mao, Valverde. \u2013 Un extraordinario sentimiento de unidad y esperanza se vivi\u00f3 en las provincias Valverde y La Vega, donde se celebraron encuentros con miembros del Comit\u00e9 Central del PLD en apoyo al aspirante presidencial Francisco Javier Garc\u00eda. \u201cFrancisco Javier nos garantiza la unidad interna, condici\u00f3n indispensable para lograr la fortaleza que nos permitir\u00e1 volver [&hellip;]<\/p>\n","protected":false},"author":2,"featured_media":85348,"comment_status":"open","ping_status":"open","sticky":false,"template":"","format":"standard","meta":{"footnotes":""},"categories":[44],"tags":[845,939,58],"class_list":{"0":"post-85347","1":"post","2":"type-post","3":"status-publish","4":"format-standard","5":"has-post-thumbnail","7":"category-actualidad","8":"tag-ahora-mas-rd","9":"tag-cada-minuto-una-verdad","10":"tag-republica-dominicana"},"aioseo_notices":[],"amp_enabled":true,"_links":{"self":[{"href":"https:\/\/ahoramasrd.com.do\/index.php?rest_route=\/wp\/v2\/posts\/85347","targetHints":{"allow":["GET"]}}],"collection":[{"href":"https:\/\/ahoramasrd.com.do\/index.php?rest_route=\/wp\/v2\/posts"}],"about":[{"href":"https:\/\/ahoramasrd.com.do\/index.php?rest_route=\/wp\/v2\/types\/post"}],"author":[{"embeddable":true,"href":"https:\/\/ahoramasrd.com.do\/index.php?rest_route=\/wp\/v2\/users\/2"}],"replies":[{"embeddable":true,"href":"https:\/\/ahoramasrd.com.do\/index.php?rest_route=%2Fwp%2Fv2%2Fcomments&post=85347"}],"version-history":[{"count":0,"href":"https:\/\/ahoramasrd.com.do\/index.php?rest_route=\/wp\/v2\/posts\/85347\/revisions"}],"wp:featuredmedia":[{"embeddable":true,"href":"https:\/\/ahoramasrd.com.do\/index.php?rest_route=\/"}],"wp:attachment":[{"href":"https:\/\/ahoramasrd.com.do\/index.php?rest_route=%2Fwp%2Fv2%2Fmedia&parent=85347"}],"wp:term":[{"taxonomy":"category","embeddable":true,"href":"https:\/\/ahoramasrd.com.do\/index.php?rest_route=%2Fwp%2Fv2%2Fcategories&post=85347"},{"taxonomy":"post_tag","embeddable":true,"href":"https:\/\/ahoramasrd.com.do\/index.php?rest_route=%2Fwp%2Fv2%2Ftags&post=85347"}],"curies":[{"name":"wp","href":"https:\/\/api.w.org\/{rel}","templated":true}]}}