{"id":85353,"date":"2025-05-13T19:45:56","date_gmt":"2025-05-13T23:45:56","guid":{"rendered":"https:\/\/ahoramasrd.com.do\/?p=85353"},"modified":"2025-05-13T19:45:57","modified_gmt":"2025-05-13T23:45:57","slug":"margarita-cedeno-expresa-pesar-por-fallecimiento-de-jose-pepe-mujica","status":"publish","type":"post","link":"https:\/\/ahoramasrd.com.do\/?p=85353","title":{"rendered":"Margarita Cede\u00f1o expresa pesar por fallecimiento de Jos\u00e9 \u201cPepe\u201d Mujica"},"content":{"rendered":"\n<p>Santo Domingo\u2013 La ex vicepresidenta de la Rep\u00fablica Dominicana, Margarita Cede\u00f1o, se uni\u00f3 al duelo regional por el fallecimiento del expresidente uruguayo Jos\u00e9 \u201cPepe\u201d Mujica, destacando su legado de humildad, honestidad y coherencia.<\/p>\n\n\n\n<p>A trav\u00e9s de su cuenta en la red social X, Cede\u00f1o expres\u00f3:<br>\u201cCon admiraci\u00f3n y respeto, me uno al duelo por el fallecimiento de Jos\u00e9 \u2018Pepe\u2019 Mujica, un l\u00edder que vivi\u00f3 como pensaba y sirvi\u00f3 con el coraz\u00f3n. Su ejemplo de humildad, honestidad y coherencia deja una huella profunda en la historia de nuestra regi\u00f3n.\u201d<\/p>\n\n\n\n<p>Asimismo, extendi\u00f3 sus condolencias a los familiares del exmandatario, al pueblo uruguayo y a todos los que hoy honran su memoria.<\/p>\n\n\n\n<p>Jos\u00e9 Mujica, quien fue presidente de Uruguay entre 2010 y 2015, es recordado en Am\u00e9rica Latina y el mundo por su estilo de vida austero, su integridad pol\u00edtica y su firme compromiso con la justicia social.<\/p>\n","protected":false},"excerpt":{"rendered":"<p>Santo Domingo\u2013 La ex vicepresidenta de la Rep\u00fablica Dominicana, Margarita Cede\u00f1o, se uni\u00f3 al duelo regional por el fallecimiento del expresidente uruguayo Jos\u00e9 \u201cPepe\u201d Mujica, destacando su legado de humildad, honestidad y coherencia. A trav\u00e9s de su cuenta en la red social X, Cede\u00f1o expres\u00f3:\u201cCon admiraci\u00f3n y respeto, me uno al duelo por el fallecimiento [&hellip;]<\/p>\n","protected":false},"author":2,"featured_media":85354,"comment_status":"open","ping_status":"open","sticky":false,"template":"","format":"standard","meta":{"footnotes":""},"categories":[44],"tags":[845,939,58],"class_list":{"0":"post-85353","1":"post","2":"type-post","3":"status-publish","4":"format-standard","5":"has-post-thumbnail","7":"category-actualidad","8":"tag-ahora-mas-rd","9":"tag-cada-minuto-una-verdad","10":"tag-republica-dominicana"},"aioseo_notices":[],"amp_enabled":true,"_links":{"self":[{"href":"https:\/\/ahoramasrd.com.do\/index.php?rest_route=\/wp\/v2\/posts\/85353","targetHints":{"allow":["GET"]}}],"collection":[{"href":"https:\/\/ahoramasrd.com.do\/index.php?rest_route=\/wp\/v2\/posts"}],"about":[{"href":"https:\/\/ahoramasrd.com.do\/index.php?rest_route=\/wp\/v2\/types\/post"}],"author":[{"embeddable":true,"href":"https:\/\/ahoramasrd.com.do\/index.php?rest_route=\/wp\/v2\/users\/2"}],"replies":[{"embeddable":true,"href":"https:\/\/ahoramasrd.com.do\/index.php?rest_route=%2Fwp%2Fv2%2Fcomments&post=85353"}],"version-history":[{"count":0,"href":"https:\/\/ahoramasrd.com.do\/index.php?rest_route=\/wp\/v2\/posts\/85353\/revisions"}],"wp:featuredmedia":[{"embeddable":true,"href":"https:\/\/ahoramasrd.com.do\/index.php?rest_route=\/"}],"wp:attachment":[{"href":"https:\/\/ahoramasrd.com.do\/index.php?rest_route=%2Fwp%2Fv2%2Fmedia&parent=85353"}],"wp:term":[{"taxonomy":"category","embeddable":true,"href":"https:\/\/ahoramasrd.com.do\/index.php?rest_route=%2Fwp%2Fv2%2Fcategories&post=85353"},{"taxonomy":"post_tag","embeddable":true,"href":"https:\/\/ahoramasrd.com.do\/index.php?rest_route=%2Fwp%2Fv2%2Ftags&post=85353"}],"curies":[{"name":"wp","href":"https:\/\/api.w.org\/{rel}","templated":true}]}}