{"id":85356,"date":"2025-05-13T21:31:44","date_gmt":"2025-05-14T01:31:44","guid":{"rendered":"https:\/\/ahoramasrd.com.do\/?p=85356"},"modified":"2025-05-13T21:31:45","modified_gmt":"2025-05-14T01:31:45","slug":"presidente-abinader-y-expresidentes-trataran-exclusivamente-el-tema-del-impacto-de-la-crisis-haitiana-en-la-seguridad-y-la-migracion","status":"publish","type":"post","link":"https:\/\/ahoramasrd.com.do\/?p=85356","title":{"rendered":"Presidente Abinader y expresidentes tratar\u00e1n exclusivamente el tema del impacto de la crisis haitiana en la seguridad y la migraci\u00f3n"},"content":{"rendered":"\n<p>Santo Domingo. \u2013 En un ejercicio de responsabilidad hist\u00f3rica y visi\u00f3n de Estado, el presidente Luis Abinader se reunir\u00e1 este mi\u00e9rcoles 14 de mayo con los expresidentes Hip\u00f3lito Mej\u00eda, Leonel Fern\u00e1ndez y Danilo Medina, con el objetivo exclusivo de analizar la situaci\u00f3n cr\u00edtica que atraviesa la vecina Rep\u00fablica de Hait\u00ed.<\/p>\n\n\n\n<p>El encuentro se centrar\u00e1 en el colapso institucional haitiano y sus repercusiones directas sobre la seguridad y la migraci\u00f3n en la Rep\u00fablica Dominicana. Asimismo, se abordar\u00e1 la respuesta nacional e internacional frente a la crisis y se evaluar\u00e1n mecanismos de coordinaci\u00f3n para futuras consultas.<\/p>\n\n\n\n<p>Durante el encuentro participar\u00e1n altos funcionarios del Gobierno, incluyendo los ministros de Relaciones Exteriores y de Defensa; el comandante del Ej\u00e9rcito; los directores generales del Departamento Nacional de Investigaciones (DNI), de Migraci\u00f3n y el Embajador dominicano en Hait\u00ed, quienes ofrecer\u00e1n un panorama integral de la situaci\u00f3n actual y de las acciones implementadas por el Estado dominicano.<\/p>\n\n\n\n<p>La Presidencia de la Rep\u00fablica enfatiz\u00f3 que este encuentro no contempla discusi\u00f3n sobre temas de pol\u00edtica interna ni la presentaci\u00f3n de propuestas espec\u00edficas, y responde exclusivamente a la necesidad de enfrentar la crisis con unidad nacional, responsabilidad y coherencia ante una amenaza que compromete la estabilidad de toda la regi\u00f3n.<\/p>\n","protected":false},"excerpt":{"rendered":"<p>Santo Domingo. \u2013 En un ejercicio de responsabilidad hist\u00f3rica y visi\u00f3n de Estado, el presidente Luis Abinader se reunir\u00e1 este mi\u00e9rcoles 14 de mayo con los expresidentes Hip\u00f3lito Mej\u00eda, Leonel Fern\u00e1ndez y Danilo Medina, con el objetivo exclusivo de analizar la situaci\u00f3n cr\u00edtica que atraviesa la vecina Rep\u00fablica de Hait\u00ed. El encuentro se centrar\u00e1 en [&hellip;]<\/p>\n","protected":false},"author":2,"featured_media":85357,"comment_status":"open","ping_status":"open","sticky":false,"template":"","format":"standard","meta":{"footnotes":""},"categories":[44],"tags":[845,939,58],"class_list":{"0":"post-85356","1":"post","2":"type-post","3":"status-publish","4":"format-standard","5":"has-post-thumbnail","7":"category-actualidad","8":"tag-ahora-mas-rd","9":"tag-cada-minuto-una-verdad","10":"tag-republica-dominicana"},"aioseo_notices":[],"amp_enabled":true,"_links":{"self":[{"href":"https:\/\/ahoramasrd.com.do\/index.php?rest_route=\/wp\/v2\/posts\/85356","targetHints":{"allow":["GET"]}}],"collection":[{"href":"https:\/\/ahoramasrd.com.do\/index.php?rest_route=\/wp\/v2\/posts"}],"about":[{"href":"https:\/\/ahoramasrd.com.do\/index.php?rest_route=\/wp\/v2\/types\/post"}],"author":[{"embeddable":true,"href":"https:\/\/ahoramasrd.com.do\/index.php?rest_route=\/wp\/v2\/users\/2"}],"replies":[{"embeddable":true,"href":"https:\/\/ahoramasrd.com.do\/index.php?rest_route=%2Fwp%2Fv2%2Fcomments&post=85356"}],"version-history":[{"count":0,"href":"https:\/\/ahoramasrd.com.do\/index.php?rest_route=\/wp\/v2\/posts\/85356\/revisions"}],"wp:featuredmedia":[{"embeddable":true,"href":"https:\/\/ahoramasrd.com.do\/index.php?rest_route=\/"}],"wp:attachment":[{"href":"https:\/\/ahoramasrd.com.do\/index.php?rest_route=%2Fwp%2Fv2%2Fmedia&parent=85356"}],"wp:term":[{"taxonomy":"category","embeddable":true,"href":"https:\/\/ahoramasrd.com.do\/index.php?rest_route=%2Fwp%2Fv2%2Fcategories&post=85356"},{"taxonomy":"post_tag","embeddable":true,"href":"https:\/\/ahoramasrd.com.do\/index.php?rest_route=%2Fwp%2Fv2%2Ftags&post=85356"}],"curies":[{"name":"wp","href":"https:\/\/api.w.org\/{rel}","templated":true}]}}