{"id":85360,"date":"2025-05-14T17:22:34","date_gmt":"2025-05-14T21:22:34","guid":{"rendered":"https:\/\/ahoramasrd.com.do\/?p=85360"},"modified":"2025-05-14T17:22:35","modified_gmt":"2025-05-14T21:22:35","slug":"abinader-y-los-expresidentes-fernandez-medina-y-mejia-ya-estan-reunidos","status":"publish","type":"post","link":"https:\/\/ahoramasrd.com.do\/?p=85360","title":{"rendered":"Abinader y los expresidentes Fern\u00e1ndez, Medina y Mej\u00eda ya est\u00e1n reunidos"},"content":{"rendered":"\n<p>Con la guardia de honor del Ministerio de Defensa, 21 ca\u00f1onazos y la entonaci\u00f3n del himno nacional inici\u00f3 la reuni\u00f3n entre el presidente Luis Abinader y los exmandatarios Hip\u00f3lito Mej\u00eda, Leonel Fern\u00e1ndez y Danilo Medina.<\/p>\n\n\n\n<p>Mientras se presentaban los honores, Fern\u00e1ndez, Abinader, Danilo e Hip\u00f3lito fueron colocados en ese orden de izquierda a derecha ante las c\u00e1maras de los medios de comunicaci\u00f3n.<\/p>\n\n\n\n<p>El encuentro, que agrupa a las cuatro personas encargadas de dirigir y administrar los destinos del pa\u00eds desde 1996, se hace a solicitud del presidente Abinader para tratar la \"crisis sin precedentes\" que afecta a Hait\u00ed y sus efectos en la Rep\u00fablica Dominicana.<\/p>\n\n\n\n<p>La Presidencia de la Rep\u00fablica hab\u00eda adelantado que el encuentro de este mi\u00e9rcoles ser\u00e1 solo para \"brindar informaci\u00f3n\" a los exjefes de Estado con relaci\u00f3n a lo que ocurre en Hait\u00ed y a las acciones que ha realizado el Poder Ejecutivo y que no se debatir\u00e1n ninguna de las pol\u00edticas migratorias del actual Gobierno.<\/p>\n\n\n\n<p>La reuni\u00f3n empez\u00f3 en punto a las 4:00 de la tarde; ser\u00e1 al t\u00e9rmino de la misma en que se brindar\u00e1 una declaraci\u00f3n sobre lo ocurrido en el encuentro. El presidente Abinader tiene una actividad pautada para iniciar a las 7:00 de la noche en el Teatro Nacional.<\/p>\n\n\n\n<p>En la reuni\u00f3n se les presentar\u00e1 a los exjefes de Estado un informe del Ministerio de Relaciones Exteriores (Mirex) sobre las acciones adoptadas por los diferentes gobiernos en relaci\u00f3n con Hait\u00ed, as\u00ed como una panor\u00e1mica general de la situaci\u00f3n actual de la Rep\u00fablica Dominicana.<\/p>\n\n\n\n<p>La Presidencia de la Rep\u00fablica enfatiz\u00f3 que este encuentro no contempla discusi\u00f3n sobre temas de pol\u00edtica interna ni la presentaci\u00f3n de propuestas espec\u00edficas.<\/p>\n\n\n\n<p>Precis\u00f3 que responde, exclusivamente, a la necesidad de enfrentar la crisis con unidad nacional, responsabilidad y coherencia, ante una amenaza que compromete la estabilidad de toda la regi\u00f3n.<\/p>\n\n\n\n<p>Leonel Fern\u00e1ndez, de 71 a\u00f1os, gobern\u00f3 el pa\u00eds de 1996 a 2000 y de 2004 al 2012. Hip\u00f3lito Mej\u00eda, de 84 a\u00f1os, lo hizo del 2000 al 2004 y Danilo Medina, de 73 a\u00f1os, dirigi\u00f3 el pa\u00eds entre los a\u00f1os 2012 y 2016.<\/p>\n","protected":false},"excerpt":{"rendered":"<p>Con la guardia de honor del Ministerio de Defensa, 21 ca\u00f1onazos y la entonaci\u00f3n del himno nacional inici\u00f3 la reuni\u00f3n entre el presidente Luis Abinader y los exmandatarios Hip\u00f3lito Mej\u00eda, Leonel Fern\u00e1ndez y Danilo Medina. Mientras se presentaban los honores, Fern\u00e1ndez, Abinader, Danilo e Hip\u00f3lito fueron colocados en ese orden de izquierda a derecha ante [&hellip;]<\/p>\n","protected":false},"author":2,"featured_media":85361,"comment_status":"open","ping_status":"open","sticky":false,"template":"","format":"standard","meta":{"footnotes":""},"categories":[44],"tags":[845,939,58],"class_list":{"0":"post-85360","1":"post","2":"type-post","3":"status-publish","4":"format-standard","5":"has-post-thumbnail","7":"category-actualidad","8":"tag-ahora-mas-rd","9":"tag-cada-minuto-una-verdad","10":"tag-republica-dominicana"},"aioseo_notices":[],"amp_enabled":true,"_links":{"self":[{"href":"https:\/\/ahoramasrd.com.do\/index.php?rest_route=\/wp\/v2\/posts\/85360","targetHints":{"allow":["GET"]}}],"collection":[{"href":"https:\/\/ahoramasrd.com.do\/index.php?rest_route=\/wp\/v2\/posts"}],"about":[{"href":"https:\/\/ahoramasrd.com.do\/index.php?rest_route=\/wp\/v2\/types\/post"}],"author":[{"embeddable":true,"href":"https:\/\/ahoramasrd.com.do\/index.php?rest_route=\/wp\/v2\/users\/2"}],"replies":[{"embeddable":true,"href":"https:\/\/ahoramasrd.com.do\/index.php?rest_route=%2Fwp%2Fv2%2Fcomments&post=85360"}],"version-history":[{"count":0,"href":"https:\/\/ahoramasrd.com.do\/index.php?rest_route=\/wp\/v2\/posts\/85360\/revisions"}],"wp:featuredmedia":[{"embeddable":true,"href":"https:\/\/ahoramasrd.com.do\/index.php?rest_route=\/"}],"wp:attachment":[{"href":"https:\/\/ahoramasrd.com.do\/index.php?rest_route=%2Fwp%2Fv2%2Fmedia&parent=85360"}],"wp:term":[{"taxonomy":"category","embeddable":true,"href":"https:\/\/ahoramasrd.com.do\/index.php?rest_route=%2Fwp%2Fv2%2Fcategories&post=85360"},{"taxonomy":"post_tag","embeddable":true,"href":"https:\/\/ahoramasrd.com.do\/index.php?rest_route=%2Fwp%2Fv2%2Ftags&post=85360"}],"curies":[{"name":"wp","href":"https:\/\/api.w.org\/{rel}","templated":true}]}}