{"id":85363,"date":"2025-05-14T17:44:11","date_gmt":"2025-05-14T21:44:11","guid":{"rendered":"https:\/\/ahoramasrd.com.do\/?p=85363"},"modified":"2025-05-14T17:44:12","modified_gmt":"2025-05-14T21:44:12","slug":"isaura-taveras-responde-al-presidente-abinader-sobre-proyecto-de-ley-de-libertad-de-expresion","status":"publish","type":"post","link":"https:\/\/ahoramasrd.com.do\/?p=85363","title":{"rendered":"Isaura Taveras responde al presidente Abinader sobre proyecto de ley de Libertad de Expresi\u00f3n"},"content":{"rendered":"\n<p>El presidente Luis Abinader declar\u00f3 en LA Semanal que no le ha puesto ni una \u201ccoma\u201d al proyecto de modificaci\u00f3n de la ley de Libertad de Expresi\u00f3n, Difusi\u00f3n del Pensamiento y Medios de Comunicaci\u00f3n.<\/p>\n\n\n\n<p>Ante estas declaraciones, la comunicadora Isaura Taveras reaccion\u00f3 con firmeza, se\u00f1alando que el problema no radica en una coma, sino en el contenido completo del proyecto.<\/p>\n\n\n\n<p>\u201cEso no se trata de una coma, eso se trata de lo que contiene ese proyecto. Ese proyecto es lesivo a la libertad de expresi\u00f3n, al ejercicio period\u00edstico, al trabajo que hacemos los comunicadores y los ciudadanos en general\u201d, expres\u00f3 Taveras.<\/p>\n\n\n\n<p>La tambi\u00e9n actriz y presentadora manifest\u00f3 su preocupaci\u00f3n por las implicaciones de esta propuesta legislativa, que, seg\u00fan diversos sectores, podr\u00eda abrir la puerta a la censura y al control del discurso en medios y plataformas digitales.<\/p>\n\n\n\n<p>Isaura insisti\u00f3 en que el periodismo libre y el pensamiento cr\u00edtico son pilares de la democracia, y llam\u00f3 a todos los comunicadores y ciudadanos a mantenerse vigilantes ante cualquier intento de limitar estos derechos fundamentales.<\/p>\n","protected":false},"excerpt":{"rendered":"<p>El presidente Luis Abinader declar\u00f3 en LA Semanal que no le ha puesto ni una \u201ccoma\u201d al proyecto de modificaci\u00f3n de la ley de Libertad de Expresi\u00f3n, Difusi\u00f3n del Pensamiento y Medios de Comunicaci\u00f3n. Ante estas declaraciones, la comunicadora Isaura Taveras reaccion\u00f3 con firmeza, se\u00f1alando que el problema no radica en una coma, sino en [&hellip;]<\/p>\n","protected":false},"author":2,"featured_media":85364,"comment_status":"open","ping_status":"open","sticky":false,"template":"","format":"standard","meta":{"footnotes":""},"categories":[55],"tags":[845,939,58],"class_list":{"0":"post-85363","1":"post","2":"type-post","3":"status-publish","4":"format-standard","5":"has-post-thumbnail","7":"category-entretenimiento","8":"tag-ahora-mas-rd","9":"tag-cada-minuto-una-verdad","10":"tag-republica-dominicana"},"aioseo_notices":[],"amp_enabled":true,"_links":{"self":[{"href":"https:\/\/ahoramasrd.com.do\/index.php?rest_route=\/wp\/v2\/posts\/85363","targetHints":{"allow":["GET"]}}],"collection":[{"href":"https:\/\/ahoramasrd.com.do\/index.php?rest_route=\/wp\/v2\/posts"}],"about":[{"href":"https:\/\/ahoramasrd.com.do\/index.php?rest_route=\/wp\/v2\/types\/post"}],"author":[{"embeddable":true,"href":"https:\/\/ahoramasrd.com.do\/index.php?rest_route=\/wp\/v2\/users\/2"}],"replies":[{"embeddable":true,"href":"https:\/\/ahoramasrd.com.do\/index.php?rest_route=%2Fwp%2Fv2%2Fcomments&post=85363"}],"version-history":[{"count":0,"href":"https:\/\/ahoramasrd.com.do\/index.php?rest_route=\/wp\/v2\/posts\/85363\/revisions"}],"wp:featuredmedia":[{"embeddable":true,"href":"https:\/\/ahoramasrd.com.do\/index.php?rest_route=\/"}],"wp:attachment":[{"href":"https:\/\/ahoramasrd.com.do\/index.php?rest_route=%2Fwp%2Fv2%2Fmedia&parent=85363"}],"wp:term":[{"taxonomy":"category","embeddable":true,"href":"https:\/\/ahoramasrd.com.do\/index.php?rest_route=%2Fwp%2Fv2%2Fcategories&post=85363"},{"taxonomy":"post_tag","embeddable":true,"href":"https:\/\/ahoramasrd.com.do\/index.php?rest_route=%2Fwp%2Fv2%2Ftags&post=85363"}],"curies":[{"name":"wp","href":"https:\/\/api.w.org\/{rel}","templated":true}]}}