{"id":85382,"date":"2025-05-14T20:42:30","date_gmt":"2025-05-15T00:42:30","guid":{"rendered":"https:\/\/ahoramasrd.com.do\/?p=85382"},"modified":"2025-05-14T20:42:30","modified_gmt":"2025-05-15T00:42:30","slug":"estos-son-los-4-acuerdos-entre-abinader-y-los-expresidentes-sobre-haiti-y-la-seguridad-nacional","status":"publish","type":"post","link":"https:\/\/ahoramasrd.com.do\/?p=85382","title":{"rendered":"Estos son los 4 acuerdos entre Abinader y los expresidentes sobre Hait\u00ed y la seguridad nacional"},"content":{"rendered":"\n<p>Santo Domingo \u2013 En un hecho in\u00e9dito en la historia democr\u00e1tica reciente, el presidente Luis Abinader encabez\u00f3 este mi\u00e9rcoles una reuni\u00f3n de alto nivel con los expresidentes Leonel Fern\u00e1ndez, Danilo Medina e Hip\u00f3lito Mej\u00eda. El objetivo: trazar una hoja de ruta com\u00fan frente a la crisis de Hait\u00ed y sus efectos en la Rep\u00fablica Dominicana.<\/p>\n\n\n\n<p>La reuni\u00f3n, celebrada en el Ministerio de Defensa, dur\u00f3 dos horas y concluy\u00f3 con un comunicado conjunto que define los cuatro acuerdos principales alcanzados por los l\u00edderes.<\/p>\n\n\n\n<ul class=\"wp-block-list\">\n<li><strong>\u2705 Estos son los 4 acuerdos clave:<\/strong><\/li>\n\n\n\n<li>Espacios de trabajo conjunto<\/li>\n\n\n\n<li>Se establecer\u00e1n mecanismos permanentes entre el Gobierno y los expresidentes para definir una pol\u00edtica nacional coherente sobre Hait\u00ed.<\/li>\n\n\n\n<li>Convocatoria del Consejo Econ\u00f3mico y Social (CES)<\/li>\n\n\n\n<li>El presidente y los tres exmandatarios participar\u00e1n en debates abiertos para consensuar soluciones concretas.<\/li>\n\n\n\n<li>Informes peri\u00f3dicos de seguridad<\/li>\n\n\n\n<li>Los expresidentes recibir\u00e1n actualizaciones continuas sobre la situaci\u00f3n en la frontera, migraci\u00f3n y amenazas regionales.<\/li>\n\n\n\n<li>Pol\u00edtica exterior unificada<\/li>\n\n\n\n<li>Se acord\u00f3 mantener reuniones bilaterales entre Abinader y los exjefes de Estado para alinear las acciones diplom\u00e1ticas frente a la comunidad internacional.<\/li>\n<\/ul>\n\n\n\n<p><strong>Hait\u00ed, un foco regional<\/strong><br>Los cuatro l\u00edderes coincidieron en que Hait\u00ed atraviesa una de las crisis m\u00e1s graves de su historia, con ausencia de gobierno, control de bandas armadas y colapso institucional. Se destac\u00f3 la necesidad de mantener la presi\u00f3n internacional y respaldar la misi\u00f3n multinacional de apoyo a la polic\u00eda haitiana.<\/p>\n\n\n\n<p><strong> Seguridad y migraci\u00f3n<br><\/strong>Se reiter\u00f3 el compromiso con el fortalecimiento de la verja fronteriza, el uso de tecnolog\u00eda avanzada y una pol\u00edtica migratoria firme pero respetuosa de los derechos humanos. La consigna com\u00fan: la Rep\u00fablica Dominicana no puede cargar sola con esta crisis.<\/p>\n\n\n\n<p>Este encuentro marca un hito de unidad nacional.<br>\u00abAnte una amenaza com\u00fan, la Rep\u00fablica Dominicana responde como una sola naci\u00f3n\u00bb, expres\u00f3 Homero Figueroa, vocero presidencial.<\/p>\n\n\n\n<p><\/p>\n","protected":false},"excerpt":{"rendered":"<p>Santo Domingo \u2013 En un hecho in\u00e9dito en la historia democr\u00e1tica reciente, el presidente Luis Abinader encabez\u00f3 este mi\u00e9rcoles una reuni\u00f3n de alto nivel con los expresidentes Leonel Fern\u00e1ndez, Danilo Medina e Hip\u00f3lito Mej\u00eda. El objetivo: trazar una hoja de ruta com\u00fan frente a la crisis de Hait\u00ed y sus efectos en la Rep\u00fablica Dominicana. [&hellip;]<\/p>\n","protected":false},"author":2,"featured_media":85383,"comment_status":"open","ping_status":"open","sticky":false,"template":"","format":"standard","meta":{"footnotes":""},"categories":[44],"tags":[845,939,58],"class_list":{"0":"post-85382","1":"post","2":"type-post","3":"status-publish","4":"format-standard","5":"has-post-thumbnail","7":"category-actualidad","8":"tag-ahora-mas-rd","9":"tag-cada-minuto-una-verdad","10":"tag-republica-dominicana"},"aioseo_notices":[],"amp_enabled":true,"_links":{"self":[{"href":"https:\/\/ahoramasrd.com.do\/index.php?rest_route=\/wp\/v2\/posts\/85382","targetHints":{"allow":["GET"]}}],"collection":[{"href":"https:\/\/ahoramasrd.com.do\/index.php?rest_route=\/wp\/v2\/posts"}],"about":[{"href":"https:\/\/ahoramasrd.com.do\/index.php?rest_route=\/wp\/v2\/types\/post"}],"author":[{"embeddable":true,"href":"https:\/\/ahoramasrd.com.do\/index.php?rest_route=\/wp\/v2\/users\/2"}],"replies":[{"embeddable":true,"href":"https:\/\/ahoramasrd.com.do\/index.php?rest_route=%2Fwp%2Fv2%2Fcomments&post=85382"}],"version-history":[{"count":0,"href":"https:\/\/ahoramasrd.com.do\/index.php?rest_route=\/wp\/v2\/posts\/85382\/revisions"}],"wp:featuredmedia":[{"embeddable":true,"href":"https:\/\/ahoramasrd.com.do\/index.php?rest_route=\/"}],"wp:attachment":[{"href":"https:\/\/ahoramasrd.com.do\/index.php?rest_route=%2Fwp%2Fv2%2Fmedia&parent=85382"}],"wp:term":[{"taxonomy":"category","embeddable":true,"href":"https:\/\/ahoramasrd.com.do\/index.php?rest_route=%2Fwp%2Fv2%2Fcategories&post=85382"},{"taxonomy":"post_tag","embeddable":true,"href":"https:\/\/ahoramasrd.com.do\/index.php?rest_route=%2Fwp%2Fv2%2Ftags&post=85382"}],"curies":[{"name":"wp","href":"https:\/\/api.w.org\/{rel}","templated":true}]}}