{"id":85386,"date":"2025-05-15T17:00:38","date_gmt":"2025-05-15T21:00:38","guid":{"rendered":"https:\/\/ahoramasrd.com.do\/?p=85386"},"modified":"2025-05-15T17:00:38","modified_gmt":"2025-05-15T21:00:38","slug":"mived-socializa-reforma-del-marco-normativo-en-supervision-de-obras-por-parte-del-estado-dominicano","status":"publish","type":"post","link":"https:\/\/ahoramasrd.com.do\/?p=85386","title":{"rendered":"MIVED socializa reforma del Marco Normativo en supervisi\u00f3n de obras por parte del Estado dominicano"},"content":{"rendered":"\n<p>El Ministro Bonilla present\u00f3 la propuesta del marco normativo en una primera mesa de trabajo a representantes del CODIA, ONESVIE, y miembros de los partidos pol\u00edticos PLD y FP<\/p>\n\n\n\n<p>Santo Domingo. \u2013 El Ministro de Vivienda y Edificaciones (MIVED), Carlos Bonilla, socializ\u00f3 la propuesta de reforma del Marco Normativo en materia de supervisi\u00f3n de obras por parte del Estado dominicano.<\/p>\n\n\n\n<p>La propuesta fue presentada a representantes del Colegio Dominicano de Ingenieros, Arquitectos y Agrimensores (CODIA), Oficina Nacional de Evaluaci\u00f3n S\u00edsmica y Vulnerabilidad de Infraestructura y Edificaciones (ONESVIE), y de los partidos de la Liberaci\u00f3n Dominicana (PLD) y Fuerza del Pueblo (FP).<\/p>\n\n\n\n<p>Esta iniciativa que desarrolla el MIVED, permitir\u00e1 al Estado contar con un marco legal actualizado para velar por el cumplimiento de las buenas condiciones con que deber\u00e1n contar las edificaciones privadas del pa\u00eds, ya sean antiguas o nuevas.<\/p>\n\n\n\n<p>Durante la presentaci\u00f3n, el Ministro Bonilla valor\u00f3 la disposici\u00f3n de las organizaciones ah\u00ed presentes en escuchar y analizar la propuesta, y se\u00f1al\u00f3 que el MIVED est\u00e1 en la disposici\u00f3n de acoger las recomendaciones necesarias que fortalezcan la iniciativa de ley.<\/p>\n\n\n\n<p>\u201cAgradezco el involucramiento porque este es un tema muy trascendental e importante para el pa\u00eds. Queremos salvar vidas, no queremos que vuelva a ocurrir algo como lo que pas\u00f3, queremos prevenir, pero tampoco queremos sobreregular, que sea un marco normativo que est\u00e9 acorde a los tiempos\u201d, se\u00f1al\u00f3 Bonilla.<\/p>\n\n\n\n<p>Por su parte, C\u00e9sar Fern\u00e1ndez, de la Direcci\u00f3n Pol\u00edtica de la FP; se\u00f1al\u00f3: \u201cSocializamos la propuesta que tiene esta instituci\u00f3n para atender estas situaciones. Eventualmente haremos nuestros aportes, que fueron se\u00f1alados y recibidos por esta instituci\u00f3n, esperamos que producto del esfuerzo de las fuerzas pol\u00edticas, el Estado dominicano y esta instituci\u00f3n saldr\u00e1 una ley que proteja a los seres humanos y salve m\u00e1s vida\u201d<\/p>\n\n\n\n<p>Mientras, el secretario de Obras P\u00fablicas del PLD, Ram\u00f3n Antonio Pep\u00edn, dijo que \u201csin lugar a dudas este ser\u00e1 un gran proyecto, por lo cual nosotros felicitamos al MIVED, a su titular Carlos Bonilla, y agradecemos la invitaci\u00f3n que nos hicieran. Haremos nuestras observaciones para que este proyecto salga con el mayor consenso posible\u201d<\/p>\n\n\n\n<p>Esta propuesta contempla la creaci\u00f3n de un t\u00edtulo habilitante para las edificaciones, en la que se establecer\u00e1 una licencia de funcionamiento para las nuevas edificaciones, cuya renovaci\u00f3n estar\u00e1 condicionada a la aprobaci\u00f3n de una inspecci\u00f3n.<\/p>\n\n\n\n<p>Mientras que, para las edificaciones de m\u00e1s de 30 a\u00f1os de antig\u00fcedad, se establecer\u00e1 una licencia de permanencia. Estas propiedades deber\u00e1n someterse a una revisi\u00f3n t\u00e9cnica peri\u00f3dica realizada por un personal acreditado del MIVED.<\/p>\n\n\n\n<p>Esta revisi\u00f3n tiene como objetivo verificar el mantenimiento de los est\u00e1ndares m\u00ednimos de seguridad estructural, accesibilidad y habitabilidad, conforme al reglamento que emita el MIVED.<\/p>\n\n\n\n<p>De igual manera, el marco normativo establece la creaci\u00f3n de un Sistema de Autoinspecciones que permitir\u00e1 fortalecer la seguridad estructural en funci\u00f3n del nivel de riesgo de cada edificaci\u00f3n.<\/p>\n\n\n\n<p>Con este sistema, los propietarios deber\u00e1n contratar a un inspector acreditado por el MIVED, quien realizar\u00e1 la evaluaci\u00f3n de la edificaci\u00f3n y emitir\u00e1 una declaraci\u00f3n jurada de cumplimiento, mientras su incumplimiento constituir\u00e1 una infracci\u00f3n sancionable.<\/p>\n\n\n\n<p>Esta reforma tambi\u00e9n contempla la creaci\u00f3n de una potestad sancionadora robusta, como por ejemplo sanciones administrativas en todo el ciclo de vida de la obra, adem\u00e1s de sanciones econ\u00f3micas y penales. Igualmente, faculta al Estado para suspensi\u00f3n, clausura, y demolici\u00f3n en v\u00eda administrativa y un procedimiento sancionador expedito cumpliendo con el debido proceso.<\/p>\n\n\n\n<p>Estuvieron presentes en esta socializaci\u00f3n los viceministros del MIVED Ney Garc\u00eda, Danny Santos, Ra\u00fal Juli\u00e1, Noeliz de Jes\u00fas V\u00e1squez y Francisco Antonio Solim\u00e1n; el asesor jur\u00eddico del MIVED, Claudio Stephan; los miembros de la Direcci\u00f3n Pol\u00edtica de la FP Ignacio Ditr\u00e9n y Wilkin Moreno; los miembros de la secretar\u00eda de Obras P\u00fablicas del PLD Enrique Lied y Miguel Jazm\u00edn; el secretario general del CODIA, George Richardson; y representantes de la ONESVIE.<\/p>\n","protected":false},"excerpt":{"rendered":"<p>El Ministro Bonilla present\u00f3 la propuesta del marco normativo en una primera mesa de trabajo a representantes del CODIA, ONESVIE, y miembros de los partidos pol\u00edticos PLD y FP Santo Domingo. \u2013 El Ministro de Vivienda y Edificaciones (MIVED), Carlos Bonilla, socializ\u00f3 la propuesta de reforma del Marco Normativo en materia de supervisi\u00f3n de obras [&hellip;]<\/p>\n","protected":false},"author":2,"featured_media":85387,"comment_status":"open","ping_status":"open","sticky":false,"template":"","format":"standard","meta":{"footnotes":""},"categories":[44],"tags":[845,939,58],"class_list":{"0":"post-85386","1":"post","2":"type-post","3":"status-publish","4":"format-standard","5":"has-post-thumbnail","7":"category-actualidad","8":"tag-ahora-mas-rd","9":"tag-cada-minuto-una-verdad","10":"tag-republica-dominicana"},"aioseo_notices":[],"amp_enabled":true,"_links":{"self":[{"href":"https:\/\/ahoramasrd.com.do\/index.php?rest_route=\/wp\/v2\/posts\/85386","targetHints":{"allow":["GET"]}}],"collection":[{"href":"https:\/\/ahoramasrd.com.do\/index.php?rest_route=\/wp\/v2\/posts"}],"about":[{"href":"https:\/\/ahoramasrd.com.do\/index.php?rest_route=\/wp\/v2\/types\/post"}],"author":[{"embeddable":true,"href":"https:\/\/ahoramasrd.com.do\/index.php?rest_route=\/wp\/v2\/users\/2"}],"replies":[{"embeddable":true,"href":"https:\/\/ahoramasrd.com.do\/index.php?rest_route=%2Fwp%2Fv2%2Fcomments&post=85386"}],"version-history":[{"count":0,"href":"https:\/\/ahoramasrd.com.do\/index.php?rest_route=\/wp\/v2\/posts\/85386\/revisions"}],"wp:featuredmedia":[{"embeddable":true,"href":"https:\/\/ahoramasrd.com.do\/index.php?rest_route=\/"}],"wp:attachment":[{"href":"https:\/\/ahoramasrd.com.do\/index.php?rest_route=%2Fwp%2Fv2%2Fmedia&parent=85386"}],"wp:term":[{"taxonomy":"category","embeddable":true,"href":"https:\/\/ahoramasrd.com.do\/index.php?rest_route=%2Fwp%2Fv2%2Fcategories&post=85386"},{"taxonomy":"post_tag","embeddable":true,"href":"https:\/\/ahoramasrd.com.do\/index.php?rest_route=%2Fwp%2Fv2%2Ftags&post=85386"}],"curies":[{"name":"wp","href":"https:\/\/api.w.org\/{rel}","templated":true}]}}