{"id":85398,"date":"2025-05-15T17:54:39","date_gmt":"2025-05-15T21:54:39","guid":{"rendered":"https:\/\/ahoramasrd.com.do\/?p=85398"},"modified":"2025-05-15T17:54:39","modified_gmt":"2025-05-15T21:54:39","slug":"raquel-pena-viajara-al-vaticano-para-la-misa-de-inicio-del-pontificado-del-papa-leon-xiv","status":"publish","type":"post","link":"https:\/\/ahoramasrd.com.do\/?p=85398","title":{"rendered":"Raquel Pe\u00f1a viajar\u00e1 al Vaticano para la misa de inicio del pontificado del papa Le\u00f3n XIV"},"content":{"rendered":"\n<p>El nuevo pont\u00edfice, de origen estadounidense, fue elegido el pasado 8 de mayo como el papa n\u00famero 267<\/p>\n\n\n\n<p>Santo Domingo, RD. \u2013 La vicepresidenta de la Rep\u00fablica Dominicana, Raquel Pe\u00f1a, viajar\u00e1 este jueves hacia El Vaticano para participar en la solemne misa con la que dar\u00e1 inicio el pontificado de Su Santidad, el papa Le\u00f3n XIV.<\/p>\n\n\n\n<p>Pe\u00f1a encabezar\u00e1 la delegaci\u00f3n oficial dominicana, que se sumar\u00e1 a representantes de misiones diplom\u00e1ticas de todos los continentes en la Plaza de San Pedro, donde se llevar\u00e1 a cabo la multitudinaria ceremonia religiosa.<\/p>\n\n\n\n<p>El nuevo l\u00edder de la Iglesia cat\u00f3lica, Robert Prevost, fue elegido el pasado 8 de mayo como el Papa n\u00famero 267 y es el primero de origen estadounidense en asumir el trono de San Pedro.<\/p>\n\n\n\n<p>Como parte de la agenda oficial, la vicepresidenta tambi\u00e9n visitar\u00e1 la tumba del papa Francisco, ubicada en la Bas\u00edlica de Santa Mar\u00eda la Mayor, en Roma.<\/p>\n\n\n\n<p>Esta ser\u00e1 la segunda visita de Raquel Pe\u00f1a al Vaticano, luego de haber sostenido una audiencia privada con el entonces pont\u00edfice en junio de 2022.<\/p>\n\n\n\n<p>La delegaci\u00f3n dominicana tambi\u00e9n la conforman el embajador de la Rep\u00fablica Dominicana ante la Santa Sede, V\u00edctor Su\u00e1rez; la embajadora en Misi\u00f3n Especial en Materia de Inversi\u00f3n Sostenible, Mar\u00eda Eugenia Del Castillo; el director ejecutivo de la Vicepresidencia, Kristian Schulz; y la coordinadora de Despacho de la Vicepresidencia, Estefanelly Hiraldo.<\/p>\n","protected":false},"excerpt":{"rendered":"<p>El nuevo pont\u00edfice, de origen estadounidense, fue elegido el pasado 8 de mayo como el papa n\u00famero 267 Santo Domingo, RD. \u2013 La vicepresidenta de la Rep\u00fablica Dominicana, Raquel Pe\u00f1a, viajar\u00e1 este jueves hacia El Vaticano para participar en la solemne misa con la que dar\u00e1 inicio el pontificado de Su Santidad, el papa Le\u00f3n [&hellip;]<\/p>\n","protected":false},"author":2,"featured_media":85399,"comment_status":"open","ping_status":"open","sticky":false,"template":"","format":"standard","meta":{"footnotes":""},"categories":[44],"tags":[845,939,58],"class_list":{"0":"post-85398","1":"post","2":"type-post","3":"status-publish","4":"format-standard","5":"has-post-thumbnail","7":"category-actualidad","8":"tag-ahora-mas-rd","9":"tag-cada-minuto-una-verdad","10":"tag-republica-dominicana"},"aioseo_notices":[],"amp_enabled":true,"_links":{"self":[{"href":"https:\/\/ahoramasrd.com.do\/index.php?rest_route=\/wp\/v2\/posts\/85398","targetHints":{"allow":["GET"]}}],"collection":[{"href":"https:\/\/ahoramasrd.com.do\/index.php?rest_route=\/wp\/v2\/posts"}],"about":[{"href":"https:\/\/ahoramasrd.com.do\/index.php?rest_route=\/wp\/v2\/types\/post"}],"author":[{"embeddable":true,"href":"https:\/\/ahoramasrd.com.do\/index.php?rest_route=\/wp\/v2\/users\/2"}],"replies":[{"embeddable":true,"href":"https:\/\/ahoramasrd.com.do\/index.php?rest_route=%2Fwp%2Fv2%2Fcomments&post=85398"}],"version-history":[{"count":0,"href":"https:\/\/ahoramasrd.com.do\/index.php?rest_route=\/wp\/v2\/posts\/85398\/revisions"}],"wp:featuredmedia":[{"embeddable":true,"href":"https:\/\/ahoramasrd.com.do\/index.php?rest_route=\/"}],"wp:attachment":[{"href":"https:\/\/ahoramasrd.com.do\/index.php?rest_route=%2Fwp%2Fv2%2Fmedia&parent=85398"}],"wp:term":[{"taxonomy":"category","embeddable":true,"href":"https:\/\/ahoramasrd.com.do\/index.php?rest_route=%2Fwp%2Fv2%2Fcategories&post=85398"},{"taxonomy":"post_tag","embeddable":true,"href":"https:\/\/ahoramasrd.com.do\/index.php?rest_route=%2Fwp%2Fv2%2Ftags&post=85398"}],"curies":[{"name":"wp","href":"https:\/\/api.w.org\/{rel}","templated":true}]}}