{"id":85405,"date":"2025-05-15T20:33:08","date_gmt":"2025-05-16T00:33:08","guid":{"rendered":"https:\/\/ahoramasrd.com.do\/?p=85405"},"modified":"2025-05-15T20:33:08","modified_gmt":"2025-05-16T00:33:08","slug":"republica-dominicana-presenta-candidatura-al-consejo-de-la-union-internacional-de-las-telecomunicaciones-para-el-periodo-2027-2030","status":"publish","type":"post","link":"https:\/\/ahoramasrd.com.do\/?p=85405","title":{"rendered":"Rep\u00fablica Dominicana presenta candidatura al Consejo de la Uni\u00f3n Internacional de las Telecomunicaciones para el per\u00edodo 2027-2030"},"content":{"rendered":"\n<p>Santo Domingo de Guzm\u00e1n, Rep\u00fablica Dominicana. \u2013 Rep\u00fablica Dominicana present\u00f3 su candidatura a ser uno de los 48 Estados miembros del Consejo de la Uni\u00f3n Internacional de las Telecomunicaciones (UIT) de la Organizaci\u00f3n de las Naciones Unidas (ONU) para el per\u00edodo 2027-2030, con el objetivo de promover la formulaci\u00f3n de est\u00e1ndares para las telecomunicaciones, el uso de las tecnolog\u00edas digitales y la erradicaci\u00f3n de la pobreza multidimensional.<\/p>\n\n\n\n<p>La candidatura presentada por el viceministro de Pol\u00edtica Exterior Multilateral, Rub\u00e9n Sili\u00e9, en representaci\u00f3n del canciller Roberto \u00c1lvarez, y el presidente del Instituto Dominicano de las Telecomunicaciones (INDOTEL), Guido G\u00f3mez Mazara, en la sede de la Canciller\u00eda, reafirma el compromiso del pa\u00eds con un desarrollo social efectivo, el fortalecimiento de la innovaci\u00f3n y la sostenibilidad en la utilizaci\u00f3n de las Tecnolog\u00edas de la Informaci\u00f3n y la Comunicaci\u00f3n (TIC).<\/p>\n\n\n\n<p>Al tiempo que expresa el inter\u00e9s nacional en lograr una conectividad universal, mantener la adecuada gesti\u00f3n del espectro radioel\u00e9ctrico y el desarrollo de normas t\u00e9cnicas.<\/p>\n\n\n\n<p>La obtenci\u00f3n de la candidatura consolidar\u00e1 el posicionamiento de Rep\u00fablica Dominicana como l\u00edder regional en temas de telecomunicaciones, dado que cuenta con presencia en la Comisi\u00f3n Interamericana de las Telecomunicaciones (CITEL) de la Organizaci\u00f3n de los Estados Americanos (OEA); ostenta la vicepresidencia del Foro Latinoamericano de Entes Reguladores de Telecomunicaciones (REGULATEL) y estar\u00eda ocupando la presidencia de ese organismo en 2026.<\/p>\n\n\n\n<p>\u201cHemos asumido esta candidatura de la mano del INDOTEL, para continuar visibilizando los avances del pa\u00eds, coloc\u00e1ndose a la vanguardia del mundo digital y la era de la inteligencia artificial, para seguir siendo un modelo de crecimiento y desarrollo en la regi\u00f3n y presentar nuestras posiciones de manera firme frente a otras naciones, siempre desde un enfoque de di\u00e1logo y cooperaci\u00f3n.<\/p>\n\n\n\n<p>Como gobierno reafirmamos nuestro compromiso con la inclusi\u00f3n, transformaci\u00f3n y gobernanza digital global y el desarrollo sostenible a trav\u00e9s de las tecnolog\u00edas de la informaci\u00f3n y la comunicaci\u00f3n\u201d, ponder\u00f3 el viceministro Sili\u00e9.<\/p>\n\n\n\n<p>El diplom\u00e1tico valor\u00f3 que bajo el liderazgo del presidente Luis Abinader, el pa\u00eds ha impulsado la Agenda Digital 2030, que articula propuestas y pol\u00edticas p\u00fablicas centradas en la inclusi\u00f3n y la sostenibilidad, para fomentar la transformaci\u00f3n digital del Estado y la sociedad, y abogar para que el acceso igualitario a las tecnolog\u00edas de la informaci\u00f3n y la comunicaci\u00f3n (TIC) se convierta en el motor del desarrollo humano.<\/p>\n\n\n\n<p>De su lado, el presidente del INDOTEL, Guido G\u00f3mez Mazara, se\u00f1al\u00f3 que ser parte del Consejo de la UIT no es solo un honor institucional, sino una oportunidad estrat\u00e9gica para fortalecer la participaci\u00f3n del pa\u00eds en la definici\u00f3n de los est\u00e1ndares que guiar\u00e1n el futuro de las telecomunicaciones, y que tambi\u00e9n representa una plataforma para apoyar el liderazgo de este organismo en el impulso de la transformaci\u00f3n digital.<\/p>\n\n\n\n<p>El funcionario de las telecomunicaciones dijo que esta aspiraci\u00f3n refleja el compromiso del gobierno que encabeza Luis Abinader con el desarrollo tecnol\u00f3gico, la inclusi\u00f3n digital y la consolidaci\u00f3n del papel de Rep\u00fablica Dominicana en el escenario global.<\/p>\n\n\n\n<p>\u201cHoy, m\u00e1s que lanzar una candidatura, reafirmamos nuestro compromiso con el futuro; con un futuro digital que sea equitativo, seguro y humano. Y desde Rep\u00fablica Dominicana, decimos con orgullo y convicci\u00f3n: estamos listos para servir, para aportar y para liderar\u201d, enfatiz\u00f3 G\u00f3mez Mazara, tras sostener que el pa\u00eds est\u00e1 preparado para asumir el reto con determinaci\u00f3n y visi\u00f3n de futuro.<\/p>\n\n\n\n<p>La elecci\u00f3n de los nuevos miembros de la UIT se celebrar\u00e1 del 5 al 13 de noviembre del 2026 durante la Conferencia de Plenipotenciarios (PP-26) que se celebrar\u00e1 en Doha, Catar. Para entonces un total de nueve vacantes estar\u00e1n disponibles para la regi\u00f3n de Las Am\u00e9ricas, las cuales actualmente est\u00e1n ocupadas por Argentina, Bahamas, Brasil, Canad\u00e1, Cuba, El Salvador, Estados Unidos, M\u00e9xico y Paraguay.<\/p>\n\n\n\n<p>Durante el acto de lanzamiento de estas aspiraciones realizado en el marco del D\u00eda Mundial de las Telecomunicaciones y la Sociedad de la Informaci\u00f3n, se desarroll\u00f3 un panel de expertos sobre el \u201cCierre de la brecha digital en Rep\u00fablica Dominicana desde una perspectiva de inclusi\u00f3n e igualdad de oportunidades\u201d, moderado por el periodista y miembro del Consejo Directivo del INDOTEL, Fausto Rosario.<\/p>\n","protected":false},"excerpt":{"rendered":"<p>Santo Domingo de Guzm\u00e1n, Rep\u00fablica Dominicana. \u2013 Rep\u00fablica Dominicana present\u00f3 su candidatura a ser uno de los 48 Estados miembros del Consejo de la Uni\u00f3n Internacional de las Telecomunicaciones (UIT) de la Organizaci\u00f3n de las Naciones Unidas (ONU) para el per\u00edodo 2027-2030, con el objetivo de promover la formulaci\u00f3n de est\u00e1ndares para las telecomunicaciones, el [&hellip;]<\/p>\n","protected":false},"author":2,"featured_media":85406,"comment_status":"open","ping_status":"open","sticky":false,"template":"","format":"standard","meta":{"footnotes":""},"categories":[44],"tags":[845,939,58],"class_list":{"0":"post-85405","1":"post","2":"type-post","3":"status-publish","4":"format-standard","5":"has-post-thumbnail","7":"category-actualidad","8":"tag-ahora-mas-rd","9":"tag-cada-minuto-una-verdad","10":"tag-republica-dominicana"},"aioseo_notices":[],"amp_enabled":true,"_links":{"self":[{"href":"https:\/\/ahoramasrd.com.do\/index.php?rest_route=\/wp\/v2\/posts\/85405","targetHints":{"allow":["GET"]}}],"collection":[{"href":"https:\/\/ahoramasrd.com.do\/index.php?rest_route=\/wp\/v2\/posts"}],"about":[{"href":"https:\/\/ahoramasrd.com.do\/index.php?rest_route=\/wp\/v2\/types\/post"}],"author":[{"embeddable":true,"href":"https:\/\/ahoramasrd.com.do\/index.php?rest_route=\/wp\/v2\/users\/2"}],"replies":[{"embeddable":true,"href":"https:\/\/ahoramasrd.com.do\/index.php?rest_route=%2Fwp%2Fv2%2Fcomments&post=85405"}],"version-history":[{"count":0,"href":"https:\/\/ahoramasrd.com.do\/index.php?rest_route=\/wp\/v2\/posts\/85405\/revisions"}],"wp:featuredmedia":[{"embeddable":true,"href":"https:\/\/ahoramasrd.com.do\/index.php?rest_route=\/"}],"wp:attachment":[{"href":"https:\/\/ahoramasrd.com.do\/index.php?rest_route=%2Fwp%2Fv2%2Fmedia&parent=85405"}],"wp:term":[{"taxonomy":"category","embeddable":true,"href":"https:\/\/ahoramasrd.com.do\/index.php?rest_route=%2Fwp%2Fv2%2Fcategories&post=85405"},{"taxonomy":"post_tag","embeddable":true,"href":"https:\/\/ahoramasrd.com.do\/index.php?rest_route=%2Fwp%2Fv2%2Ftags&post=85405"}],"curies":[{"name":"wp","href":"https:\/\/api.w.org\/{rel}","templated":true}]}}