{"id":85414,"date":"2025-05-16T16:12:36","date_gmt":"2025-05-16T20:12:36","guid":{"rendered":"https:\/\/ahoramasrd.com.do\/?p=85414"},"modified":"2025-05-16T16:12:37","modified_gmt":"2025-05-16T20:12:37","slug":"gobernadora-sc-aclara-no-fue-abandonada-nina-que-cayo-en-alcantarilla-sector-lavapies","status":"publish","type":"post","link":"https:\/\/ahoramasrd.com.do\/?p=85414","title":{"rendered":"Gobernadora SC aclara no fue abandonada ni\u00f1a que cay\u00f3 en alcantarilla sector Lavapi\u00e9s"},"content":{"rendered":"\n<p>La gobernadora de San Crist\u00f3bal, Pura Casilla, calific\u00f3 como un \u201cmilagro\u201d el rescate con vida de una ni\u00f1a de 13 a\u00f1os que fue arrastrada por una alcantarilla en medio de las lluvias, y asegur\u00f3 que en ning\u00fan momento fue abandonada por los organismos de socorro.<\/p>\n\n\n\n<p>Estas declaraciones las ofreci\u00f3 durante una entrevista telef\u00f3nica en el programa Despierta con CDN, que se transmite de lunes a viernes de 7:00 a 9:00 a.\u202fm. por CDN, canal 37.<\/p>\n\n\n\n<p>\u201cLa ni\u00f1a sal\u00eda del centro educativo, muy cerca de donde ocurri\u00f3 el hecho. La corriente la captur\u00f3, pero de inmediato se activaron todos los organismos de emergencia\u201d, explic\u00f3 la funcionaria, quien valor\u00f3 el trabajo de los equipos de rescate y expres\u00f3 su agradecimiento por el desenlace positivo.<\/p>\n\n\n\n<p>Ante versiones de que las labores de rescate la suspendieron, Casilla aclar\u00f3 que nunca se abandon\u00f3 la b\u00fasqueda.<\/p>\n\n\n\n<p>Dijo que incluso cuando ya hab\u00eda regresado a su casa debido a un cuadro viral, recibi\u00f3 la llamada que le inform\u00f3 que la menor hab\u00eda sido rescatada.<\/p>\n","protected":false},"excerpt":{"rendered":"<p>La gobernadora de San Crist\u00f3bal, Pura Casilla, calific\u00f3 como un \u201cmilagro\u201d el rescate con vida de una ni\u00f1a de 13 a\u00f1os que fue arrastrada por una alcantarilla en medio de las lluvias, y asegur\u00f3 que en ning\u00fan momento fue abandonada por los organismos de socorro. Estas declaraciones las ofreci\u00f3 durante una entrevista telef\u00f3nica en el [&hellip;]<\/p>\n","protected":false},"author":2,"featured_media":85415,"comment_status":"open","ping_status":"open","sticky":false,"template":"","format":"standard","meta":{"footnotes":""},"categories":[44],"tags":[845,939,58],"class_list":{"0":"post-85414","1":"post","2":"type-post","3":"status-publish","4":"format-standard","5":"has-post-thumbnail","7":"category-actualidad","8":"tag-ahora-mas-rd","9":"tag-cada-minuto-una-verdad","10":"tag-republica-dominicana"},"aioseo_notices":[],"amp_enabled":true,"_links":{"self":[{"href":"https:\/\/ahoramasrd.com.do\/index.php?rest_route=\/wp\/v2\/posts\/85414","targetHints":{"allow":["GET"]}}],"collection":[{"href":"https:\/\/ahoramasrd.com.do\/index.php?rest_route=\/wp\/v2\/posts"}],"about":[{"href":"https:\/\/ahoramasrd.com.do\/index.php?rest_route=\/wp\/v2\/types\/post"}],"author":[{"embeddable":true,"href":"https:\/\/ahoramasrd.com.do\/index.php?rest_route=\/wp\/v2\/users\/2"}],"replies":[{"embeddable":true,"href":"https:\/\/ahoramasrd.com.do\/index.php?rest_route=%2Fwp%2Fv2%2Fcomments&post=85414"}],"version-history":[{"count":0,"href":"https:\/\/ahoramasrd.com.do\/index.php?rest_route=\/wp\/v2\/posts\/85414\/revisions"}],"wp:featuredmedia":[{"embeddable":true,"href":"https:\/\/ahoramasrd.com.do\/index.php?rest_route=\/"}],"wp:attachment":[{"href":"https:\/\/ahoramasrd.com.do\/index.php?rest_route=%2Fwp%2Fv2%2Fmedia&parent=85414"}],"wp:term":[{"taxonomy":"category","embeddable":true,"href":"https:\/\/ahoramasrd.com.do\/index.php?rest_route=%2Fwp%2Fv2%2Fcategories&post=85414"},{"taxonomy":"post_tag","embeddable":true,"href":"https:\/\/ahoramasrd.com.do\/index.php?rest_route=%2Fwp%2Fv2%2Ftags&post=85414"}],"curies":[{"name":"wp","href":"https:\/\/api.w.org\/{rel}","templated":true}]}}