{"id":85420,"date":"2025-05-16T17:23:59","date_gmt":"2025-05-16T21:23:59","guid":{"rendered":"https:\/\/ahoramasrd.com.do\/?p=85420"},"modified":"2025-05-16T17:24:00","modified_gmt":"2025-05-16T21:24:00","slug":"omar-fernandez-lidera-foro-academico-en-santiago-sobre-reforma-al-sistema-de-justicia-dominicano","status":"publish","type":"post","link":"https:\/\/ahoramasrd.com.do\/?p=85420","title":{"rendered":"Omar Fern\u00e1ndez lidera foro acad\u00e9mico en Santiago sobre reforma al sistema de justicia dominicano"},"content":{"rendered":"\n<p>El senador Omar Fern\u00e1ndez encabez\u00f3 un conversatorio con juristas y acad\u00e9micos para socializar las propuestas legislativas que impulsa desde el Congreso Nacional, con el objetivo de reformar y fortalecer el sistema de justicia dominicano.<\/p>\n\n\n\n<p>Durante el encuentro en Santiago de los Caballeros, celebrado en la Pontificia Universidad Cat\u00f3lica Madre y Maestra, el representante de la Fuerza del Pueblo (FP) detall\u00f3 una serie de iniciativas en curso, entre ellas la modificaci\u00f3n del C\u00f3digo Procesal Penal, modificaci\u00f3n a la Ley Org\u00e1nica del Tribunal Constitucional, reforma a la ley org\u00e1nica del poder judicial, as\u00ed como el proyecto de ley para la ejecuci\u00f3n efectiva de sentencias definitivas.<\/p>\n\n\n\n<p>\u201cEstas reformas buscan actualizar el ordenamiento jur\u00eddico dominicano, para fortalecer el estado de derecho, promover la seguridad jur\u00eddica y garantizar el acceso a la justicia\u201d, explic\u00f3 el legislador.<\/p>\n\n\n\n<p>Sobre la propuesta de reforma a la ley org\u00e1nica del tribunal constitucional, el reconocido jurista Eduardo Jorge Prats indic\u00f3: \u201cEste es un proyecto muy bueno, recoge lo mejor de la jurisprudencia del TC y fortalece esta jurisdicci\u00f3n\u201c.<\/p>\n\n\n\n<p>Sobre la reforma al c\u00f3digo procesal penal, la catedr\u00e1tica Mar\u00eda del Pilar Zuleta estableci\u00f3 que \u201ceste proyecto trae consigo importantes novedades que promover\u00e1n un mejor acceso a la justicia penal, pero siguen habiendo oportunidades de mejoras para evitar los abusos de las autoridades judiciales\u201d.<\/p>\n\n\n\n<p>Fern\u00e1ndez tambi\u00e9n abord\u00f3 la necesidad de avanzar con la aprobaci\u00f3n del nuevo C\u00f3digo Penal, una prioridad del Congreso que, seg\u00fan afirm\u00f3, dotar\u00eda al pa\u00eds de una herramienta moderna para enfrentar los cr\u00edmenes y delitos del presente siglo.<\/p>\n\n\n\n<p>El evento cont\u00f3 con la participaci\u00f3n como panelistas del destacado jurista Dr. Eduardo Jorge Prats, la doctora Mar\u00eda del Pilar Zuleta, el Dr. Benjam\u00edn Rodr\u00edguez Carpio, y fue moderado por el magistrado del Tribunal Constitucional, Manuel Ulises Bonelly.<\/p>\n","protected":false},"excerpt":{"rendered":"<p>El senador Omar Fern\u00e1ndez encabez\u00f3 un conversatorio con juristas y acad\u00e9micos para socializar las propuestas legislativas que impulsa desde el Congreso Nacional, con el objetivo de reformar y fortalecer el sistema de justicia dominicano. Durante el encuentro en Santiago de los Caballeros, celebrado en la Pontificia Universidad Cat\u00f3lica Madre y Maestra, el representante de la [&hellip;]<\/p>\n","protected":false},"author":2,"featured_media":85421,"comment_status":"open","ping_status":"open","sticky":false,"template":"","format":"standard","meta":{"footnotes":""},"categories":[44],"tags":[845,939,58],"class_list":{"0":"post-85420","1":"post","2":"type-post","3":"status-publish","4":"format-standard","5":"has-post-thumbnail","7":"category-actualidad","8":"tag-ahora-mas-rd","9":"tag-cada-minuto-una-verdad","10":"tag-republica-dominicana"},"aioseo_notices":[],"amp_enabled":true,"_links":{"self":[{"href":"https:\/\/ahoramasrd.com.do\/index.php?rest_route=\/wp\/v2\/posts\/85420","targetHints":{"allow":["GET"]}}],"collection":[{"href":"https:\/\/ahoramasrd.com.do\/index.php?rest_route=\/wp\/v2\/posts"}],"about":[{"href":"https:\/\/ahoramasrd.com.do\/index.php?rest_route=\/wp\/v2\/types\/post"}],"author":[{"embeddable":true,"href":"https:\/\/ahoramasrd.com.do\/index.php?rest_route=\/wp\/v2\/users\/2"}],"replies":[{"embeddable":true,"href":"https:\/\/ahoramasrd.com.do\/index.php?rest_route=%2Fwp%2Fv2%2Fcomments&post=85420"}],"version-history":[{"count":0,"href":"https:\/\/ahoramasrd.com.do\/index.php?rest_route=\/wp\/v2\/posts\/85420\/revisions"}],"wp:featuredmedia":[{"embeddable":true,"href":"https:\/\/ahoramasrd.com.do\/index.php?rest_route=\/"}],"wp:attachment":[{"href":"https:\/\/ahoramasrd.com.do\/index.php?rest_route=%2Fwp%2Fv2%2Fmedia&parent=85420"}],"wp:term":[{"taxonomy":"category","embeddable":true,"href":"https:\/\/ahoramasrd.com.do\/index.php?rest_route=%2Fwp%2Fv2%2Fcategories&post=85420"},{"taxonomy":"post_tag","embeddable":true,"href":"https:\/\/ahoramasrd.com.do\/index.php?rest_route=%2Fwp%2Fv2%2Ftags&post=85420"}],"curies":[{"name":"wp","href":"https:\/\/api.w.org\/{rel}","templated":true}]}}