{"id":85433,"date":"2025-05-17T09:10:29","date_gmt":"2025-05-17T13:10:29","guid":{"rendered":"https:\/\/ahoramasrd.com.do\/?p=85433"},"modified":"2025-05-17T09:10:30","modified_gmt":"2025-05-17T13:10:30","slug":"presidente-abinader-ordena-extradicion-de-dos-dominicanos-a-estados-unidos","status":"publish","type":"post","link":"https:\/\/ahoramasrd.com.do\/?p=85433","title":{"rendered":"Presidente Abinader ordena extradici\u00f3n de dos dominicanos a Estados Unidos"},"content":{"rendered":"\n<p>El presidente de la Rep\u00fablica, Luis Abinader, emiti\u00f3 este viernes los decretos n\u00fams. 260-25 y 261-25, mediante los cuales ordena la extradici\u00f3n de los se\u00f1ores Jos\u00e9 Luis S\u00e1nchez And\u00fajar y Joaqu\u00edn N\u00fa\u00f1ez D\u00edaz hacia los Estados Unidos de Am\u00e9rica.<\/p>\n\n\n\n<p>Ambas extradiciones responden a solicitudes formuladas por las autoridades estadounidenses, en conformidad con los tratados internacionales suscritos por el pa\u00eds y conforme al debido proceso legal.<\/p>\n","protected":false},"excerpt":{"rendered":"<p>El presidente de la Rep\u00fablica, Luis Abinader, emiti\u00f3 este viernes los decretos n\u00fams. 260-25 y 261-25, mediante los cuales ordena la extradici\u00f3n de los se\u00f1ores Jos\u00e9 Luis S\u00e1nchez And\u00fajar y Joaqu\u00edn N\u00fa\u00f1ez D\u00edaz hacia los Estados Unidos de Am\u00e9rica. Ambas extradiciones responden a solicitudes formuladas por las autoridades estadounidenses, en conformidad con los tratados internacionales [&hellip;]<\/p>\n","protected":false},"author":2,"featured_media":85434,"comment_status":"open","ping_status":"open","sticky":false,"template":"","format":"standard","meta":{"footnotes":""},"categories":[44],"tags":[845,939,58],"class_list":{"0":"post-85433","1":"post","2":"type-post","3":"status-publish","4":"format-standard","5":"has-post-thumbnail","7":"category-actualidad","8":"tag-ahora-mas-rd","9":"tag-cada-minuto-una-verdad","10":"tag-republica-dominicana"},"aioseo_notices":[],"amp_enabled":true,"_links":{"self":[{"href":"https:\/\/ahoramasrd.com.do\/index.php?rest_route=\/wp\/v2\/posts\/85433","targetHints":{"allow":["GET"]}}],"collection":[{"href":"https:\/\/ahoramasrd.com.do\/index.php?rest_route=\/wp\/v2\/posts"}],"about":[{"href":"https:\/\/ahoramasrd.com.do\/index.php?rest_route=\/wp\/v2\/types\/post"}],"author":[{"embeddable":true,"href":"https:\/\/ahoramasrd.com.do\/index.php?rest_route=\/wp\/v2\/users\/2"}],"replies":[{"embeddable":true,"href":"https:\/\/ahoramasrd.com.do\/index.php?rest_route=%2Fwp%2Fv2%2Fcomments&post=85433"}],"version-history":[{"count":0,"href":"https:\/\/ahoramasrd.com.do\/index.php?rest_route=\/wp\/v2\/posts\/85433\/revisions"}],"wp:featuredmedia":[{"embeddable":true,"href":"https:\/\/ahoramasrd.com.do\/index.php?rest_route=\/"}],"wp:attachment":[{"href":"https:\/\/ahoramasrd.com.do\/index.php?rest_route=%2Fwp%2Fv2%2Fmedia&parent=85433"}],"wp:term":[{"taxonomy":"category","embeddable":true,"href":"https:\/\/ahoramasrd.com.do\/index.php?rest_route=%2Fwp%2Fv2%2Fcategories&post=85433"},{"taxonomy":"post_tag","embeddable":true,"href":"https:\/\/ahoramasrd.com.do\/index.php?rest_route=%2Fwp%2Fv2%2Ftags&post=85433"}],"curies":[{"name":"wp","href":"https:\/\/api.w.org\/{rel}","templated":true}]}}