{"id":85467,"date":"2025-05-19T21:55:23","date_gmt":"2025-05-20T01:55:23","guid":{"rendered":"https:\/\/ahoramasrd.com.do\/?p=85467"},"modified":"2025-05-19T21:55:24","modified_gmt":"2025-05-20T01:55:24","slug":"nashla-bogaert-desmiente-rumores-de-separacion-con-david-maler-decidimos-no-exponer-mas-nuestra-relacion","status":"publish","type":"post","link":"https:\/\/ahoramasrd.com.do\/?p=85467","title":{"rendered":"Nashla Bogaert desmiente rumores de separaci\u00f3n con David Maler: \u201cDecidimos no exponer m\u00e1s nuestra relaci\u00f3n\u201d"},"content":{"rendered":"\n<p>Santo Domingo. \u2013 La actriz dominicana Nashla Bogaert desminti\u00f3 este lunes los rumores de separaci\u00f3n con su esposo, el tambi\u00e9n actor y director David Maler, que circularon recientemente en redes sociales.<\/p>\n\n\n\n<p>Durante una rueda de prensa por el estreno de la obra teatral \u00a1\u00bfFeo Yo?!, Bogaert aclar\u00f3 que su relaci\u00f3n se mantiene estable, aunque desde hace un tiempo ambos optaron por mantenerla fuera del ojo p\u00fablico.<\/p>\n\n\n\n<p>\u201cDesde hace un tiempo, David y yo decidimos no exponer m\u00e1s nuestra relaci\u00f3n\u201d, declar\u00f3 la actriz, dejando claro que las especulaciones no tienen fundamento.<\/p>\n\n\n\n<p>Nashla y David llevan doce a\u00f1os juntos como pareja. Se casaron en agosto de 2013 en Argentina y, aunque no tienen hijos, han sido reconocidos por el p\u00fablico como una de las parejas m\u00e1s estables y queridas del entretenimiento dominicano.<\/p>\n\n\n\n<p>Ambos han compartido su pasi\u00f3n por la actuaci\u00f3n y la producci\u00f3n audiovisual, trabajando juntos en distintos proyectos y manteni\u00e9ndose alejados de controversias. Su complicidad profesional y personal ha sido frecuentemente celebrada por sus seguidores, quienes valoran la autenticidad de su v\u00ednculo.<\/p>\n","protected":false},"excerpt":{"rendered":"<p>Santo Domingo. \u2013 La actriz dominicana Nashla Bogaert desminti\u00f3 este lunes los rumores de separaci\u00f3n con su esposo, el tambi\u00e9n actor y director David Maler, que circularon recientemente en redes sociales. Durante una rueda de prensa por el estreno de la obra teatral \u00a1\u00bfFeo Yo?!, Bogaert aclar\u00f3 que su relaci\u00f3n se mantiene estable, aunque desde [&hellip;]<\/p>\n","protected":false},"author":2,"featured_media":85468,"comment_status":"open","ping_status":"open","sticky":false,"template":"","format":"standard","meta":{"footnotes":""},"categories":[55],"tags":[845,939,58],"class_list":{"0":"post-85467","1":"post","2":"type-post","3":"status-publish","4":"format-standard","5":"has-post-thumbnail","7":"category-entretenimiento","8":"tag-ahora-mas-rd","9":"tag-cada-minuto-una-verdad","10":"tag-republica-dominicana"},"aioseo_notices":[],"amp_enabled":true,"_links":{"self":[{"href":"https:\/\/ahoramasrd.com.do\/index.php?rest_route=\/wp\/v2\/posts\/85467","targetHints":{"allow":["GET"]}}],"collection":[{"href":"https:\/\/ahoramasrd.com.do\/index.php?rest_route=\/wp\/v2\/posts"}],"about":[{"href":"https:\/\/ahoramasrd.com.do\/index.php?rest_route=\/wp\/v2\/types\/post"}],"author":[{"embeddable":true,"href":"https:\/\/ahoramasrd.com.do\/index.php?rest_route=\/wp\/v2\/users\/2"}],"replies":[{"embeddable":true,"href":"https:\/\/ahoramasrd.com.do\/index.php?rest_route=%2Fwp%2Fv2%2Fcomments&post=85467"}],"version-history":[{"count":0,"href":"https:\/\/ahoramasrd.com.do\/index.php?rest_route=\/wp\/v2\/posts\/85467\/revisions"}],"wp:featuredmedia":[{"embeddable":true,"href":"https:\/\/ahoramasrd.com.do\/index.php?rest_route=\/"}],"wp:attachment":[{"href":"https:\/\/ahoramasrd.com.do\/index.php?rest_route=%2Fwp%2Fv2%2Fmedia&parent=85467"}],"wp:term":[{"taxonomy":"category","embeddable":true,"href":"https:\/\/ahoramasrd.com.do\/index.php?rest_route=%2Fwp%2Fv2%2Fcategories&post=85467"},{"taxonomy":"post_tag","embeddable":true,"href":"https:\/\/ahoramasrd.com.do\/index.php?rest_route=%2Fwp%2Fv2%2Ftags&post=85467"}],"curies":[{"name":"wp","href":"https:\/\/api.w.org\/{rel}","templated":true}]}}