{"id":85470,"date":"2025-05-20T18:05:50","date_gmt":"2025-05-20T22:05:50","guid":{"rendered":"https:\/\/ahoramasrd.com.do\/?p=85470"},"modified":"2025-05-20T18:05:51","modified_gmt":"2025-05-20T22:05:51","slug":"abogados-de-san-cristobal-se-unen-a-proyecto-presidencial-de-david-collado-para-2028","status":"publish","type":"post","link":"https:\/\/ahoramasrd.com.do\/?p=85470","title":{"rendered":"Abogados de San Crist\u00f3bal se Unen a Proyecto Presidencial de David Collado para 2028"},"content":{"rendered":"\n<p>San Crist\u00f3bal, RD.- Un grupo de destacados abogados de la provincia de San Crist\u00f3bal ha manifestado su respaldo y se suman al proyecto pol\u00edtico de David Collado, con miras a las elecciones presidenciales de 2028. El encuentro, que reuni\u00f3 a profesionales del derecho de la regi\u00f3n, consolid\u00f3 el apoyo a la candidatura de Collado y estableci\u00f3 una estructura de trabajo para impulsar su propuesta en la provincia.<\/p>\n\n\n\n<p>Entre las personalidades que lideran esta iniciativa se encuentran Diomar de la Rosa, quien asumir\u00e1 la coordinaci\u00f3n del proyecto \u201cDavid Collado Presidente\u201d en San Crist\u00f3bal, y Richard Mart\u00ednez, quien desempe\u00f1ar\u00e1 el rol de enlace entre el equipo de trabajo del Frente de Abogados del Proyecto, Estuvo Presente El Coordinador Nacional del Frente de Abogados Rafael Medrano, Adem\u00e1s del Notable Abogado, Licdo. Luis Alberto P\u00e9rez ( Luis Bello), quien a su vez es Viceconsul de la Rep\u00fablica Dominicana en Antigua y Barbuda.<\/p>\n\n\n\n<p>Con este importante grupo de profesionales del derecho se sella el triunfo del candidato David Collado como presidente para el 2028.<\/p>\n","protected":false},"excerpt":{"rendered":"<p>San Crist\u00f3bal, RD.- Un grupo de destacados abogados de la provincia de San Crist\u00f3bal ha manifestado su respaldo y se suman al proyecto pol\u00edtico de David Collado, con miras a las elecciones presidenciales de 2028. El encuentro, que reuni\u00f3 a profesionales del derecho de la regi\u00f3n, consolid\u00f3 el apoyo a la candidatura de Collado y [&hellip;]<\/p>\n","protected":false},"author":2,"featured_media":85471,"comment_status":"open","ping_status":"open","sticky":false,"template":"","format":"standard","meta":{"footnotes":""},"categories":[44],"tags":[845,939,58],"class_list":{"0":"post-85470","1":"post","2":"type-post","3":"status-publish","4":"format-standard","5":"has-post-thumbnail","7":"category-actualidad","8":"tag-ahora-mas-rd","9":"tag-cada-minuto-una-verdad","10":"tag-republica-dominicana"},"aioseo_notices":[],"amp_enabled":true,"_links":{"self":[{"href":"https:\/\/ahoramasrd.com.do\/index.php?rest_route=\/wp\/v2\/posts\/85470","targetHints":{"allow":["GET"]}}],"collection":[{"href":"https:\/\/ahoramasrd.com.do\/index.php?rest_route=\/wp\/v2\/posts"}],"about":[{"href":"https:\/\/ahoramasrd.com.do\/index.php?rest_route=\/wp\/v2\/types\/post"}],"author":[{"embeddable":true,"href":"https:\/\/ahoramasrd.com.do\/index.php?rest_route=\/wp\/v2\/users\/2"}],"replies":[{"embeddable":true,"href":"https:\/\/ahoramasrd.com.do\/index.php?rest_route=%2Fwp%2Fv2%2Fcomments&post=85470"}],"version-history":[{"count":0,"href":"https:\/\/ahoramasrd.com.do\/index.php?rest_route=\/wp\/v2\/posts\/85470\/revisions"}],"wp:featuredmedia":[{"embeddable":true,"href":"https:\/\/ahoramasrd.com.do\/index.php?rest_route=\/"}],"wp:attachment":[{"href":"https:\/\/ahoramasrd.com.do\/index.php?rest_route=%2Fwp%2Fv2%2Fmedia&parent=85470"}],"wp:term":[{"taxonomy":"category","embeddable":true,"href":"https:\/\/ahoramasrd.com.do\/index.php?rest_route=%2Fwp%2Fv2%2Fcategories&post=85470"},{"taxonomy":"post_tag","embeddable":true,"href":"https:\/\/ahoramasrd.com.do\/index.php?rest_route=%2Fwp%2Fv2%2Ftags&post=85470"}],"curies":[{"name":"wp","href":"https:\/\/api.w.org\/{rel}","templated":true}]}}