{"id":85476,"date":"2025-05-20T18:10:36","date_gmt":"2025-05-20T22:10:36","guid":{"rendered":"https:\/\/ahoramasrd.com.do\/?p=85476"},"modified":"2025-05-20T18:10:37","modified_gmt":"2025-05-20T22:10:37","slug":"cesar-el-abusador-demanda-al-gobierno-de-eeuu-por-7-millones-por-supuesta-negligencia-medica-en-prision","status":"publish","type":"post","link":"https:\/\/ahoramasrd.com.do\/?p=85476","title":{"rendered":"C\u00e9sar \u201cEl Abusador\u201d demanda al Gobierno de EEUU por $7 millones por supuesta negligencia m\u00e9dica en prisi\u00f3n"},"content":{"rendered":"\n<p>San Juan.- El presunto narcotraficante dominicano C\u00e9sar Emilio Peralta, conocido como \u201cEl Abusador\u201d, present\u00f3 una demanda civil por $7 millones contra el gobierno de Estados Unidos y el Centro Metropolitano de Detenci\u00f3n (MDC) en Guaynabo, Puerto Rico, alegando violaciones a sus derechos constitucionales por supuesta negligencia m\u00e9dica mientras permanece bajo custodia federal.<\/p>\n\n\n\n<p>Peralta, arrestado en Colombia en 2019 y extraditado a Estados Unidos en 2021, enfrenta cargos federales por dirigir una supuesta organizaci\u00f3n transnacional de narcotr\u00e1fico con operaciones desde el Caribe hacia EE. UU. Seg\u00fan las autoridades, era considerado un CPOT (Objetivo Organizacional Prioritario), una clasificaci\u00f3n reservada para los narcotraficantes de mayor impacto, similar al caso de Joaqu\u00edn \u201cEl Chapo\u201d Guzm\u00e1n.<\/p>\n\n\n\n<p>En noviembre de 2022, el dominicano se declar\u00f3 culpable de varios cargos por conspiraci\u00f3n para importar coca\u00edna, aunque las vistas de sentencia han sido pospuestas en repetidas ocasiones, con partes del proceso bajo sello judicial.<\/p>\n\n\n\n<p>Desde su ingreso en prisi\u00f3n, Peralta ha solicitado atenci\u00f3n m\u00e9dica por diversas condiciones de salud. Alega que sus reclamos han sido ignorados, lo que motiv\u00f3 la demanda. Sin embargo, la jueza federal Camille V\u00e9lez Riv\u00e9 desestim\u00f3 una moci\u00f3n para un interdicto preliminar al considerar que no present\u00f3 evidencia suficiente y no agot\u00f3 los procesos administrativos internos del penal.<\/p>\n\n\n\n<p>Seg\u00fan la magistrada, Peralta no identific\u00f3 con claridad a los funcionarios implicados ni aport\u00f3 detalles espec\u00edficos sobre las supuestas denegaciones de tratamiento m\u00e9dico. Aunque reconoci\u00f3 las dificultades del recluso, la jueza enfatiz\u00f3 que, como preso federal, Peralta no tiene derecho a elegir su m\u00e9dico ni el tipo de tratamiento que recibe.<\/p>\n\n\n\n<p>Actualmente, la defensa del acusado ha apelado la decisi\u00f3n ante el Tribunal de Apelaciones del Primer Circuito en Boston. Los demandados tienen hasta el 27 de mayo para responder a dicha moci\u00f3n. Mientras tanto, el caso sigue su curso en medio de una extensa batalla judicial.<\/p>\n","protected":false},"excerpt":{"rendered":"<p>San Juan.- El presunto narcotraficante dominicano C\u00e9sar Emilio Peralta, conocido como \u201cEl Abusador\u201d, present\u00f3 una demanda civil por $7 millones contra el gobierno de Estados Unidos y el Centro Metropolitano de Detenci\u00f3n (MDC) en Guaynabo, Puerto Rico, alegando violaciones a sus derechos constitucionales por supuesta negligencia m\u00e9dica mientras permanece bajo custodia federal. Peralta, arrestado en [&hellip;]<\/p>\n","protected":false},"author":2,"featured_media":85477,"comment_status":"open","ping_status":"open","sticky":false,"template":"","format":"standard","meta":{"footnotes":""},"categories":[44],"tags":[845,939,58],"class_list":{"0":"post-85476","1":"post","2":"type-post","3":"status-publish","4":"format-standard","5":"has-post-thumbnail","7":"category-actualidad","8":"tag-ahora-mas-rd","9":"tag-cada-minuto-una-verdad","10":"tag-republica-dominicana"},"aioseo_notices":[],"amp_enabled":true,"_links":{"self":[{"href":"https:\/\/ahoramasrd.com.do\/index.php?rest_route=\/wp\/v2\/posts\/85476","targetHints":{"allow":["GET"]}}],"collection":[{"href":"https:\/\/ahoramasrd.com.do\/index.php?rest_route=\/wp\/v2\/posts"}],"about":[{"href":"https:\/\/ahoramasrd.com.do\/index.php?rest_route=\/wp\/v2\/types\/post"}],"author":[{"embeddable":true,"href":"https:\/\/ahoramasrd.com.do\/index.php?rest_route=\/wp\/v2\/users\/2"}],"replies":[{"embeddable":true,"href":"https:\/\/ahoramasrd.com.do\/index.php?rest_route=%2Fwp%2Fv2%2Fcomments&post=85476"}],"version-history":[{"count":0,"href":"https:\/\/ahoramasrd.com.do\/index.php?rest_route=\/wp\/v2\/posts\/85476\/revisions"}],"wp:featuredmedia":[{"embeddable":true,"href":"https:\/\/ahoramasrd.com.do\/index.php?rest_route=\/"}],"wp:attachment":[{"href":"https:\/\/ahoramasrd.com.do\/index.php?rest_route=%2Fwp%2Fv2%2Fmedia&parent=85476"}],"wp:term":[{"taxonomy":"category","embeddable":true,"href":"https:\/\/ahoramasrd.com.do\/index.php?rest_route=%2Fwp%2Fv2%2Fcategories&post=85476"},{"taxonomy":"post_tag","embeddable":true,"href":"https:\/\/ahoramasrd.com.do\/index.php?rest_route=%2Fwp%2Fv2%2Ftags&post=85476"}],"curies":[{"name":"wp","href":"https:\/\/api.w.org\/{rel}","templated":true}]}}