{"id":85479,"date":"2025-05-20T18:24:57","date_gmt":"2025-05-20T22:24:57","guid":{"rendered":"https:\/\/ahoramasrd.com.do\/?p=85479"},"modified":"2025-05-20T18:24:58","modified_gmt":"2025-05-20T22:24:58","slug":"la-tora-se-disculpa-con-milagros-german-y-faride-raful-por-rumores-difundidos-por-su-hija","status":"publish","type":"post","link":"https:\/\/ahoramasrd.com.do\/?p=85479","title":{"rendered":"\u201cLa Tora\u201d se disculpa con Milagros Germ\u00e1n y Faride Raful por rumores difundidos por su hija"},"content":{"rendered":"\n<p>Santo Domingo. \u2013 La comunicadora Claudia P\u00e9rez Ram\u00edrez, conocida como La Tora, ofreci\u00f3 este martes disculpas p\u00fablicas a la exministra de Cultura, Milagros Germ\u00e1n, y a la ministra de Interior y Polic\u00eda, Faride Raful, tras los rumores difundidos por su hija, Ingrid Jorge, sobre un supuesto video \u00edntimo.<\/p>\n\n\n\n<p>\u201cLe pido excusas en nombre de nosotros\u2026 por este invento, porque esto es un invento\u201d, dijo P\u00e9rez visiblemente afectada durante su programa La Tora TV, donde adem\u00e1s se deslig\u00f3 de las afirmaciones de su hija y lament\u00f3 no haber podido disuadirla.<\/p>\n\n\n\n<p>Entre l\u00e1grimas, tambi\u00e9n pidi\u00f3 perd\u00f3n a Ingrid Jorge por las diferencias pasadas entre ambas, pero aclar\u00f3 que su hija fue manipulada y que el supuesto video podr\u00eda haber sido generado con inteligencia artificial.<\/p>\n\n\n\n<p>Finalmente, anunci\u00f3 la desvinculaci\u00f3n de Jorge del programa y reiter\u00f3 que divulgar material \u00edntimo es un delito penalizado por la ley.<\/p>\n","protected":false},"excerpt":{"rendered":"<p>Santo Domingo. \u2013 La comunicadora Claudia P\u00e9rez Ram\u00edrez, conocida como La Tora, ofreci\u00f3 este martes disculpas p\u00fablicas a la exministra de Cultura, Milagros Germ\u00e1n, y a la ministra de Interior y Polic\u00eda, Faride Raful, tras los rumores difundidos por su hija, Ingrid Jorge, sobre un supuesto video \u00edntimo. \u201cLe pido excusas en nombre de nosotros\u2026 [&hellip;]<\/p>\n","protected":false},"author":2,"featured_media":85480,"comment_status":"open","ping_status":"open","sticky":false,"template":"","format":"standard","meta":{"footnotes":""},"categories":[44],"tags":[845,939,58],"class_list":{"0":"post-85479","1":"post","2":"type-post","3":"status-publish","4":"format-standard","5":"has-post-thumbnail","7":"category-actualidad","8":"tag-ahora-mas-rd","9":"tag-cada-minuto-una-verdad","10":"tag-republica-dominicana"},"aioseo_notices":[],"amp_enabled":true,"_links":{"self":[{"href":"https:\/\/ahoramasrd.com.do\/index.php?rest_route=\/wp\/v2\/posts\/85479","targetHints":{"allow":["GET"]}}],"collection":[{"href":"https:\/\/ahoramasrd.com.do\/index.php?rest_route=\/wp\/v2\/posts"}],"about":[{"href":"https:\/\/ahoramasrd.com.do\/index.php?rest_route=\/wp\/v2\/types\/post"}],"author":[{"embeddable":true,"href":"https:\/\/ahoramasrd.com.do\/index.php?rest_route=\/wp\/v2\/users\/2"}],"replies":[{"embeddable":true,"href":"https:\/\/ahoramasrd.com.do\/index.php?rest_route=%2Fwp%2Fv2%2Fcomments&post=85479"}],"version-history":[{"count":0,"href":"https:\/\/ahoramasrd.com.do\/index.php?rest_route=\/wp\/v2\/posts\/85479\/revisions"}],"wp:featuredmedia":[{"embeddable":true,"href":"https:\/\/ahoramasrd.com.do\/index.php?rest_route=\/"}],"wp:attachment":[{"href":"https:\/\/ahoramasrd.com.do\/index.php?rest_route=%2Fwp%2Fv2%2Fmedia&parent=85479"}],"wp:term":[{"taxonomy":"category","embeddable":true,"href":"https:\/\/ahoramasrd.com.do\/index.php?rest_route=%2Fwp%2Fv2%2Fcategories&post=85479"},{"taxonomy":"post_tag","embeddable":true,"href":"https:\/\/ahoramasrd.com.do\/index.php?rest_route=%2Fwp%2Fv2%2Ftags&post=85479"}],"curies":[{"name":"wp","href":"https:\/\/api.w.org\/{rel}","templated":true}]}}