{"id":85482,"date":"2025-05-20T20:18:17","date_gmt":"2025-05-21T00:18:17","guid":{"rendered":"https:\/\/ahoramasrd.com.do\/?p=85482"},"modified":"2025-05-20T20:18:17","modified_gmt":"2025-05-21T00:18:17","slug":"prm-condena-campana-contra-faride-raful-y-milagros-german","status":"publish","type":"post","link":"https:\/\/ahoramasrd.com.do\/?p=85482","title":{"rendered":"PRM condena campa\u00f1a contra Faride Raful y Milagros Germ\u00e1n"},"content":{"rendered":"\n<p>El Partido Revolucionario Moderno (PRM) rechaza firmemente una campa\u00f1a de descr\u00e9dito personal contra Faride Raful, miembro de miembro de la Direcci\u00f3n Ejecutiva.<\/p>\n\n\n\n<p>El partido condena estas acciones hostiles que buscan intimidar y manchar la reputaci\u00f3n. As\u00ed mismo, reafirman su compromiso con la dignidad y el respeto.<\/p>\n\n\n\n<p>Por lo tanto, el PRM tambi\u00e9n expresa solidaridad con Milagros Germ\u00e1n, ella es una reconocida comunicadora y exministra de Cultura. Adem\u00e1s, califican la campa\u00f1a como manipulaci\u00f3n medi\u00e1tica.<\/p>\n\n\n\n<p>En el comunido expresa el apoyo a Faride Raful y Milagros Germ\u00e1n, plante que esta campa\u00f1a disfrazada de opini\u00f3n p\u00fablica y manipulaci\u00f3n medi\u00e1tica, atenta contra los valores que promovemos como partido y como sociedad.<\/p>\n","protected":false},"excerpt":{"rendered":"<p>El Partido Revolucionario Moderno (PRM) rechaza firmemente una campa\u00f1a de descr\u00e9dito personal contra Faride Raful, miembro de miembro de la Direcci\u00f3n Ejecutiva. El partido condena estas acciones hostiles que buscan intimidar y manchar la reputaci\u00f3n. As\u00ed mismo, reafirman su compromiso con la dignidad y el respeto. Por lo tanto, el PRM tambi\u00e9n expresa solidaridad con [&hellip;]<\/p>\n","protected":false},"author":2,"featured_media":85483,"comment_status":"open","ping_status":"open","sticky":false,"template":"","format":"standard","meta":{"footnotes":""},"categories":[44],"tags":[845,939,58],"class_list":{"0":"post-85482","1":"post","2":"type-post","3":"status-publish","4":"format-standard","5":"has-post-thumbnail","7":"category-actualidad","8":"tag-ahora-mas-rd","9":"tag-cada-minuto-una-verdad","10":"tag-republica-dominicana"},"aioseo_notices":[],"amp_enabled":true,"_links":{"self":[{"href":"https:\/\/ahoramasrd.com.do\/index.php?rest_route=\/wp\/v2\/posts\/85482","targetHints":{"allow":["GET"]}}],"collection":[{"href":"https:\/\/ahoramasrd.com.do\/index.php?rest_route=\/wp\/v2\/posts"}],"about":[{"href":"https:\/\/ahoramasrd.com.do\/index.php?rest_route=\/wp\/v2\/types\/post"}],"author":[{"embeddable":true,"href":"https:\/\/ahoramasrd.com.do\/index.php?rest_route=\/wp\/v2\/users\/2"}],"replies":[{"embeddable":true,"href":"https:\/\/ahoramasrd.com.do\/index.php?rest_route=%2Fwp%2Fv2%2Fcomments&post=85482"}],"version-history":[{"count":0,"href":"https:\/\/ahoramasrd.com.do\/index.php?rest_route=\/wp\/v2\/posts\/85482\/revisions"}],"wp:featuredmedia":[{"embeddable":true,"href":"https:\/\/ahoramasrd.com.do\/index.php?rest_route=\/"}],"wp:attachment":[{"href":"https:\/\/ahoramasrd.com.do\/index.php?rest_route=%2Fwp%2Fv2%2Fmedia&parent=85482"}],"wp:term":[{"taxonomy":"category","embeddable":true,"href":"https:\/\/ahoramasrd.com.do\/index.php?rest_route=%2Fwp%2Fv2%2Fcategories&post=85482"},{"taxonomy":"post_tag","embeddable":true,"href":"https:\/\/ahoramasrd.com.do\/index.php?rest_route=%2Fwp%2Fv2%2Ftags&post=85482"}],"curies":[{"name":"wp","href":"https:\/\/api.w.org\/{rel}","templated":true}]}}