{"id":85492,"date":"2025-05-20T22:10:14","date_gmt":"2025-05-21T02:10:14","guid":{"rendered":"https:\/\/ahoramasrd.com.do\/?p=85492"},"modified":"2025-05-20T22:10:14","modified_gmt":"2025-05-21T02:10:14","slug":"pacheco-afirma-a-partir-de-2026-el-prm-entrara-a-una-nueva-etapa-politica","status":"publish","type":"post","link":"https:\/\/ahoramasrd.com.do\/?p=85492","title":{"rendered":"Pacheco afirma a partir de 2026 el PRM entrar\u00e1 a una nueva etapa pol\u00edtica"},"content":{"rendered":"\n<p>Santo Domingo. \u2013 El dirigente pol\u00edtico Alfredo Pacheco expres\u00f3 que a partir de 2026 el Partido Revolucionario Moderno (PRM) entra en una nueva etapa, la cual requiere de m\u00e1s madurez y consolidaci\u00f3n, por lo que se requiere organizar mejor el partido, especialmente a trav\u00e9s de la interacci\u00f3n de los l\u00edderes con las bases, lo que implica una mayor participaci\u00f3n en la pol\u00edtica a nivel local y en todo el pa\u00eds.<\/p>\n\n\n\n<p>\u201cNosotros tenemos un firme compromiso con el pueblo dominicano, de que ese instrumento de lucha que se llama Partido Revolucionario Moderno contin\u00fae trabajando duro para que sea el ente de lucha a trav\u00e9s del cual el pueblo dominicano pueda expresarse, no solo cada 4 a\u00f1os, sino cada d\u00eda con la ejecuci\u00f3n de buenas obras, de buenos gobiernos, y de buenas acciones en el Congreso Nacional y que podamos tener un partido en el que la poblaci\u00f3n conf\u00ede fiel y cabalmente\u201d, expres\u00f3 Alfredo Pacheco, miembro de la Direcci\u00f3n Ejecutiva del PRM.<\/p>\n\n\n\n<p>Precis\u00f3 que El PRM es una organizaci\u00f3n que tiene mucho presente y mucho futuro para el bien de la Rep\u00fablica Dominicana, ya que ha tenido cinco a\u00f1os de buen gobierno, encabezada por el presidente Luis Abinader y una direcci\u00f3n extraordinaria encabezada por Jos\u00e9 Ignacio Paliza como presidente; por Carolina Mej\u00eda como secretaria general y Deligne Ascenci\u00f3n Burgos como secretario de organizaci\u00f3n.<\/p>\n\n\n\n<p>Ellos han logrado llevar este partido, primero al gobierno en 2020 y en 2024 a que esta organizaci\u00f3n pol\u00edtica se reelija con Luis Abinader, que est\u00e1 haciendo un formidable gobierno.<\/p>\n\n\n\n<p>Sobre el tema haitiano<\/p>\n\n\n\n<p>Pacheco destac\u00f3 la actitud valiente y justa del presidente Luis Abinader, quien ha logrado reunir a los expresidentes vivo de la Rep\u00fablica Dominicana, como son Leonel Fern\u00e1ndez, Hip\u00f3lito Mej\u00eda y Danilo Medina, para que en esa cumbre pudieran analizar y recibir las informaciones que existen sobre el problema haitiano y luego de estudiarlas poder tomar medidas conjuntas que permitan que el pa\u00eds pueda asumir este problema de manera unificada.<\/p>\n\n\n\n<p>De hecho, ya el Centro Econ\u00f3mico y Social de la Rep\u00fablica Dominicana, est\u00e1 preparando el di\u00e1logo m\u00e1s amplio que se dar\u00e1 alrededor de este tema para poder tomar medidas que unificada para poder combatir este terrible problema que tiene el pa\u00eds en \u00e1mbito de la migraci\u00f3n extranjera, que no permita que la naci\u00f3n tenga sosiego, sobre todo en \u00e1reas tan importantes como la salud, la educaci\u00f3n, y otros temas.<\/p>\n","protected":false},"excerpt":{"rendered":"<p>Santo Domingo. \u2013 El dirigente pol\u00edtico Alfredo Pacheco expres\u00f3 que a partir de 2026 el Partido Revolucionario Moderno (PRM) entra en una nueva etapa, la cual requiere de m\u00e1s madurez y consolidaci\u00f3n, por lo que se requiere organizar mejor el partido, especialmente a trav\u00e9s de la interacci\u00f3n de los l\u00edderes con las bases, lo que [&hellip;]<\/p>\n","protected":false},"author":2,"featured_media":85493,"comment_status":"open","ping_status":"open","sticky":false,"template":"","format":"standard","meta":{"footnotes":""},"categories":[44],"tags":[845,939,58],"class_list":{"0":"post-85492","1":"post","2":"type-post","3":"status-publish","4":"format-standard","5":"has-post-thumbnail","7":"category-actualidad","8":"tag-ahora-mas-rd","9":"tag-cada-minuto-una-verdad","10":"tag-republica-dominicana"},"aioseo_notices":[],"amp_enabled":true,"_links":{"self":[{"href":"https:\/\/ahoramasrd.com.do\/index.php?rest_route=\/wp\/v2\/posts\/85492","targetHints":{"allow":["GET"]}}],"collection":[{"href":"https:\/\/ahoramasrd.com.do\/index.php?rest_route=\/wp\/v2\/posts"}],"about":[{"href":"https:\/\/ahoramasrd.com.do\/index.php?rest_route=\/wp\/v2\/types\/post"}],"author":[{"embeddable":true,"href":"https:\/\/ahoramasrd.com.do\/index.php?rest_route=\/wp\/v2\/users\/2"}],"replies":[{"embeddable":true,"href":"https:\/\/ahoramasrd.com.do\/index.php?rest_route=%2Fwp%2Fv2%2Fcomments&post=85492"}],"version-history":[{"count":0,"href":"https:\/\/ahoramasrd.com.do\/index.php?rest_route=\/wp\/v2\/posts\/85492\/revisions"}],"wp:featuredmedia":[{"embeddable":true,"href":"https:\/\/ahoramasrd.com.do\/index.php?rest_route=\/"}],"wp:attachment":[{"href":"https:\/\/ahoramasrd.com.do\/index.php?rest_route=%2Fwp%2Fv2%2Fmedia&parent=85492"}],"wp:term":[{"taxonomy":"category","embeddable":true,"href":"https:\/\/ahoramasrd.com.do\/index.php?rest_route=%2Fwp%2Fv2%2Fcategories&post=85492"},{"taxonomy":"post_tag","embeddable":true,"href":"https:\/\/ahoramasrd.com.do\/index.php?rest_route=%2Fwp%2Fv2%2Ftags&post=85492"}],"curies":[{"name":"wp","href":"https:\/\/api.w.org\/{rel}","templated":true}]}}