{"id":85525,"date":"2025-05-23T17:10:37","date_gmt":"2025-05-23T21:10:37","guid":{"rendered":"https:\/\/ahoramasrd.com.do\/?p=85525"},"modified":"2025-05-23T17:10:37","modified_gmt":"2025-05-23T21:10:37","slug":"condenado-a-tres-anos-de-prision-el-cerebro-del-robo-a-kim-kardashian","status":"publish","type":"post","link":"https:\/\/ahoramasrd.com.do\/?p=85525","title":{"rendered":"Condenado a tres a\u00f1os de prisi\u00f3n el cerebro del robo a Kim Kardashian"},"content":{"rendered":"\n<p>Par\u00eds.- El cerebro del robo de joyas a Kim Kardashian en Par\u00eds en 2016 fue condenado este viernes a tres a\u00f1os de c\u00e1rcel, de ellos tres en firme, aunque no volver\u00e1 a prisi\u00f3n, igual que ninguno de los otros acusados.<\/p>\n\n\n\n<p>El veredicto del tribunal de Par\u00eds decidi\u00f3 penas inferiores a las que hab\u00eda solicitado la Fiscal\u00eda el mi\u00e9rcoles, de 6 a 10 a\u00f1os para ocho de los acusados, y absolvi\u00f3 a dos de los acusados, a quienes otorgaba un papel de informadores.<\/p>\n\n\n\n<p>Aomar A\u00eft Khedache, considerado el principal art\u00edfice de la operaci\u00f3n y que confes\u00f3 los hechos, fue condenado a ocho a\u00f1os, de ellos tres efectivos, pero su pena se une a otra precedente.<\/p>\n\n\n\n<p>Esto significa que este hombre, de 69 a\u00f1os y con un largo historial criminal pero gravemente enfermo (est\u00e1 sordo y casi mudo), no retornar\u00e1 a la c\u00e1rcel, tal y como hab\u00eda solicitado su abogado.<\/p>\n\n\n\n<p>Yunice Abbas, de 71 a\u00f1os, autor de un libro titulado 'Yo secuestr\u00e9 a Kim Kardashian', fue condenado a siete a\u00f1os de c\u00e1rcel, cinco exentos de cumplimiento, pero tampoco entrar\u00e1 entre rejas.<\/p>\n\n\n\n<p>En cuanto a los otros dos acusados de haber participado directamente en el robo, Didier Dubreucq y Marc-Alexandre Boyer, el tribunal dict\u00f3 una pena de siete a\u00f1os, cinco sin cumplimiento, y tampoco tendr\u00e1n que ingresar en prisi\u00f3n.<\/p>\n\n\n\n<p>Estos cuatro acusados eran los que hab\u00edan recibido la petici\u00f3n de 10 a\u00f1os por parte de la Fiscal\u00eda.<\/p>\n\n\n\n<p>Harminy A\u00eft Khedache, hijo del cerebro de la operaci\u00f3n, acusado de haber sido el ch\u00f3fer del comando que llev\u00f3 a cabo el robo, fue condenado a cinco a\u00f1os de c\u00e1rcel, cuatro de ellos exentos de cumplimiento.<\/p>\n\n\n\n<p>El tribunal conden\u00f3 a cuatro a\u00f1os de c\u00e1rcel exentos de cumplimiento a Christiane Glotin, expareja de Khedache, acusada de complicidad y para quien la Fiscal\u00eda ped\u00eda seis a\u00f1os de reclusi\u00f3n, y a tres a\u00f1os, tambi\u00e9n sin cumplimiento, a Fran\u00e7ois Delaporte y Marc Boyer.<\/p>\n\n\n\n<p>Finalmente, el tribunal absolvi\u00f3 a Florus Heroui y Gary Madar, este \u00faltimo hermano del ch\u00f3fer de Kim Kardashian, los dos hombres a los que la fiscal\u00eda consideraba como los que dieron la informaci\u00f3n de los movimientos de la v\u00edctima.<\/p>\n\n\n\n<p>El robo, cometido en octubre de 2016 en la suite de un peque\u00f1o hotel de lujo de Par\u00eds, tuvo como bot\u00edn joyas por valor de 10 millones de d\u00f3lares y caus\u00f3 sensaci\u00f3n en todo el mundo por la fama de la v\u00edctima, una estrella de la telerrealidad y las redes sociales.<\/p>\n","protected":false},"excerpt":{"rendered":"<p>Par\u00eds.- El cerebro del robo de joyas a Kim Kardashian en Par\u00eds en 2016 fue condenado este viernes a tres a\u00f1os de c\u00e1rcel, de ellos tres en firme, aunque no volver\u00e1 a prisi\u00f3n, igual que ninguno de los otros acusados. El veredicto del tribunal de Par\u00eds decidi\u00f3 penas inferiores a las que hab\u00eda solicitado la [&hellip;]<\/p>\n","protected":false},"author":2,"featured_media":85526,"comment_status":"open","ping_status":"open","sticky":false,"template":"","format":"standard","meta":{"footnotes":""},"categories":[55],"tags":[845,939,58],"class_list":{"0":"post-85525","1":"post","2":"type-post","3":"status-publish","4":"format-standard","5":"has-post-thumbnail","7":"category-entretenimiento","8":"tag-ahora-mas-rd","9":"tag-cada-minuto-una-verdad","10":"tag-republica-dominicana"},"aioseo_notices":[],"amp_enabled":true,"_links":{"self":[{"href":"https:\/\/ahoramasrd.com.do\/index.php?rest_route=\/wp\/v2\/posts\/85525","targetHints":{"allow":["GET"]}}],"collection":[{"href":"https:\/\/ahoramasrd.com.do\/index.php?rest_route=\/wp\/v2\/posts"}],"about":[{"href":"https:\/\/ahoramasrd.com.do\/index.php?rest_route=\/wp\/v2\/types\/post"}],"author":[{"embeddable":true,"href":"https:\/\/ahoramasrd.com.do\/index.php?rest_route=\/wp\/v2\/users\/2"}],"replies":[{"embeddable":true,"href":"https:\/\/ahoramasrd.com.do\/index.php?rest_route=%2Fwp%2Fv2%2Fcomments&post=85525"}],"version-history":[{"count":0,"href":"https:\/\/ahoramasrd.com.do\/index.php?rest_route=\/wp\/v2\/posts\/85525\/revisions"}],"wp:featuredmedia":[{"embeddable":true,"href":"https:\/\/ahoramasrd.com.do\/index.php?rest_route=\/"}],"wp:attachment":[{"href":"https:\/\/ahoramasrd.com.do\/index.php?rest_route=%2Fwp%2Fv2%2Fmedia&parent=85525"}],"wp:term":[{"taxonomy":"category","embeddable":true,"href":"https:\/\/ahoramasrd.com.do\/index.php?rest_route=%2Fwp%2Fv2%2Fcategories&post=85525"},{"taxonomy":"post_tag","embeddable":true,"href":"https:\/\/ahoramasrd.com.do\/index.php?rest_route=%2Fwp%2Fv2%2Ftags&post=85525"}],"curies":[{"name":"wp","href":"https:\/\/api.w.org\/{rel}","templated":true}]}}