{"id":85663,"date":"2025-06-02T22:38:21","date_gmt":"2025-06-03T02:38:21","guid":{"rendered":"https:\/\/ahoramasrd.com.do\/?p=85663"},"modified":"2025-06-02T22:38:21","modified_gmt":"2025-06-03T02:38:21","slug":"caramelo-gana-la-casa-de-los-famosos-all-stars-y-hace-historia-para-republica-dominicana","status":"publish","type":"post","link":"https:\/\/ahoramasrd.com.do\/?p=85663","title":{"rendered":"Caramelo gana \u201cLa Casa de los Famosos All-Stars\u201d y hace historia para Rep\u00fablica Dominicana"},"content":{"rendered":"\n<p>Santo Domingo, R.D. \u2013 El influencer dominicano Carlos Cruz, conocido como \u201cCaramelo\u201d, se alz\u00f3 con el primer lugar en el reality show \u201cLa Casa de los Famosos All-Stars\u201d, transmitido por la cadena Telemundo, convirti\u00e9ndose en el primer dominicano en ganar la competencia.<\/p>\n\n\n\n<p>Caramelo, quien fue el \u00fanico representante de la Rep\u00fablica Dominicana en esta edici\u00f3n especial del popular programa, logr\u00f3 el apoyo mayoritario del p\u00fablico en la gran final, lo que le permiti\u00f3 llevarse el malet\u00edn con los 200,000 d\u00f3lares destinados al ganador.<\/p>\n\n\n\n<p>Durante su paso por la casa, Caramelo se destac\u00f3 por su carisma, sentido del humor y autenticidad, gan\u00e1ndose el cari\u00f1o de los televidentes y de sus compa\u00f1eros. Su triunfo fue celebrado por miles de dominicanos dentro y fuera del pa\u00eds, quienes lo apoyaron a lo largo de toda la temporada.<\/p>\n\n\n\n<p>\u201cEstoy agradecido con mi gente, con mi pa\u00eds. Esto es por ustedes. \u00a1Gracias Rep\u00fablica Dominicana!\u201d, expres\u00f3 emocionado tras ser anunciado como ganador del reality.<\/p>\n\n\n\n<p>La victoria de Caramelo marca un hito para el entretenimiento dominicano en plataformas internacionales, consolidando su figura como una de las m\u00e1s influyentes en el \u00e1mbito digital y televisivo del pa\u00eds.<\/p>\n","protected":false},"excerpt":{"rendered":"<p>Santo Domingo, R.D. \u2013 El influencer dominicano Carlos Cruz, conocido como \u201cCaramelo\u201d, se alz\u00f3 con el primer lugar en el reality show \u201cLa Casa de los Famosos All-Stars\u201d, transmitido por la cadena Telemundo, convirti\u00e9ndose en el primer dominicano en ganar la competencia. Caramelo, quien fue el \u00fanico representante de la Rep\u00fablica Dominicana en esta edici\u00f3n [&hellip;]<\/p>\n","protected":false},"author":2,"featured_media":85664,"comment_status":"open","ping_status":"open","sticky":false,"template":"","format":"standard","meta":{"footnotes":""},"categories":[55],"tags":[845,939,58],"class_list":{"0":"post-85663","1":"post","2":"type-post","3":"status-publish","4":"format-standard","5":"has-post-thumbnail","7":"category-entretenimiento","8":"tag-ahora-mas-rd","9":"tag-cada-minuto-una-verdad","10":"tag-republica-dominicana"},"aioseo_notices":[],"amp_enabled":true,"_links":{"self":[{"href":"https:\/\/ahoramasrd.com.do\/index.php?rest_route=\/wp\/v2\/posts\/85663","targetHints":{"allow":["GET"]}}],"collection":[{"href":"https:\/\/ahoramasrd.com.do\/index.php?rest_route=\/wp\/v2\/posts"}],"about":[{"href":"https:\/\/ahoramasrd.com.do\/index.php?rest_route=\/wp\/v2\/types\/post"}],"author":[{"embeddable":true,"href":"https:\/\/ahoramasrd.com.do\/index.php?rest_route=\/wp\/v2\/users\/2"}],"replies":[{"embeddable":true,"href":"https:\/\/ahoramasrd.com.do\/index.php?rest_route=%2Fwp%2Fv2%2Fcomments&post=85663"}],"version-history":[{"count":0,"href":"https:\/\/ahoramasrd.com.do\/index.php?rest_route=\/wp\/v2\/posts\/85663\/revisions"}],"wp:featuredmedia":[{"embeddable":true,"href":"https:\/\/ahoramasrd.com.do\/index.php?rest_route=\/"}],"wp:attachment":[{"href":"https:\/\/ahoramasrd.com.do\/index.php?rest_route=%2Fwp%2Fv2%2Fmedia&parent=85663"}],"wp:term":[{"taxonomy":"category","embeddable":true,"href":"https:\/\/ahoramasrd.com.do\/index.php?rest_route=%2Fwp%2Fv2%2Fcategories&post=85663"},{"taxonomy":"post_tag","embeddable":true,"href":"https:\/\/ahoramasrd.com.do\/index.php?rest_route=%2Fwp%2Fv2%2Ftags&post=85663"}],"curies":[{"name":"wp","href":"https:\/\/api.w.org\/{rel}","templated":true}]}}