{"id":86081,"date":"2025-06-18T08:37:35","date_gmt":"2025-06-18T12:37:35","guid":{"rendered":"https:\/\/ahoramasrd.com.do\/?p=86081"},"modified":"2025-06-18T08:37:35","modified_gmt":"2025-06-18T12:37:35","slug":"libertad-o-prision-tribunal-decide-hoy-la-suerte-de-los-hermanos-espaillat-por-caso-jet-set","status":"publish","type":"post","link":"https:\/\/ahoramasrd.com.do\/?p=86081","title":{"rendered":"Libertad o prisi\u00f3n: Tribunal decide hoy la suerte de los hermanos Espaillat por caso Jet Set"},"content":{"rendered":"\n<p>Ser\u00e1 este mi\u00e9rcoles cuando el tribunal decida si los hermanos Antonio y Maribel Espaillat ir\u00e1n a prisi\u00f3n o estar\u00e1n en libertad para llevar el proceso judicial por el sonado caso Jet Set.<\/p>\n\n\n\n<p>La audiencia para conocerles medidas de coerci\u00f3n est\u00e1 fijada para las 11 de la ma\u00f1ana, en el Palacio de Justicia de Ciudad Nueva. La misma fue aplazada el domingo, para dar tiempo a que los abogados de los acusados estudien el expediente y preparen sus medios de defensa.<\/p>\n\n\n\n<p>La coerci\u00f3n ser\u00e1 conocida por la Oficina de Atenci\u00f3n Permanente del Distrito Nacional, a cargo del magistrado Rigoberto Sena. El Ministerio P\u00fablico pide 18 meses de c\u00e1rcel preventiva para Antonio Espaillat, y arresto domiciliario, pago de fianza o presentaci\u00f3n peri\u00f3dica para Maribel. Adem\u00e1s, solicita que el caso sea declarado complejo.<\/p>\n\n\n\n<p>Los Espaillat est\u00e1 acusados de homicidio masivo involuntario. Seg\u00fan la acusaci\u00f3n, ambos sab\u00edan que el techo de la disco estaba grave, y no hicieron nada para resolver el problema. Por cierto, la misma noche del 7 de abril, el empleado Gregorio Adames le pidi\u00f3 a Maribel que cancelara la fiesta, ya que el techo se estaba cayendo a pedazos destruyendo los plafones, lo cual representaba un gran peligro para los presentes en la disco.<\/p>\n\n\n\n<p>A pesar de ese inminente peligro, Maribel le respondi\u00f3 que solo su hermano pod\u00eda suspender la fiesta, y que \u00e9l estaba fuera del pa\u00eds, por lo que el baile ten\u00eda que continuar. Una hora despu\u00e9s de eso, sucedi\u00f3 lo peor: el derrumbe repentino y total del techo, desplom\u00e1ndose sobre cientos y cientos de personas que quedaron aplastadas bajo los escombros.<\/p>\n\n\n\n<p>El saldo tr\u00e1gico pasar\u00e1 a la historia: 236 muertos, -que han dejado unos 137 hu\u00e9rfanos-, y m\u00e1s de 180 heridos. El testimonio de Gregorio Adames, empleado de m\u00e1xima confianza de los Espaillat y especie de subadministrador de la disco, dar\u00e1 gran sustento al expediente. En el expediente, aparecen las conversaciones que tuvo con Antonio Espaillat, report\u00e1ndole los profundos quebrantos del techo.<\/p>\n\n\n\n<p>La defensa quiere otra cosa. Dice que los Espaillat tienen suficiente arraigo material, econ\u00f3mico y social para enfrentar la acusaci\u00f3n en libertad. Piden libertad para sus clientes. El mismo director de Persecuci\u00f3n del Ministerio P\u00fablico, Wilson Camacho, subir\u00e1 a estrado para justificar la imposici\u00f3n de medidas de coerci\u00f3n contra los imputados.<\/p>\n\n\n\n<p>El pleito judicial est\u00e1 planteado: \u00bfLibertad o prisi\u00f3n? La Justicia tomar\u00e1 la decisi\u00f3n.<\/p>\n","protected":false},"excerpt":{"rendered":"<p>Ser\u00e1 este mi\u00e9rcoles cuando el tribunal decida si los hermanos Antonio y Maribel Espaillat ir\u00e1n a prisi\u00f3n o estar\u00e1n en libertad para llevar el proceso judicial por el sonado caso Jet Set. La audiencia para conocerles medidas de coerci\u00f3n est\u00e1 fijada para las 11 de la ma\u00f1ana, en el Palacio de Justicia de Ciudad Nueva. [&hellip;]<\/p>\n","protected":false},"author":2,"featured_media":86082,"comment_status":"open","ping_status":"open","sticky":false,"template":"","format":"standard","meta":{"footnotes":""},"categories":[44],"tags":[845,939,58],"class_list":{"0":"post-86081","1":"post","2":"type-post","3":"status-publish","4":"format-standard","5":"has-post-thumbnail","7":"category-actualidad","8":"tag-ahora-mas-rd","9":"tag-cada-minuto-una-verdad","10":"tag-republica-dominicana"},"aioseo_notices":[],"amp_enabled":true,"_links":{"self":[{"href":"https:\/\/ahoramasrd.com.do\/index.php?rest_route=\/wp\/v2\/posts\/86081","targetHints":{"allow":["GET"]}}],"collection":[{"href":"https:\/\/ahoramasrd.com.do\/index.php?rest_route=\/wp\/v2\/posts"}],"about":[{"href":"https:\/\/ahoramasrd.com.do\/index.php?rest_route=\/wp\/v2\/types\/post"}],"author":[{"embeddable":true,"href":"https:\/\/ahoramasrd.com.do\/index.php?rest_route=\/wp\/v2\/users\/2"}],"replies":[{"embeddable":true,"href":"https:\/\/ahoramasrd.com.do\/index.php?rest_route=%2Fwp%2Fv2%2Fcomments&post=86081"}],"version-history":[{"count":0,"href":"https:\/\/ahoramasrd.com.do\/index.php?rest_route=\/wp\/v2\/posts\/86081\/revisions"}],"wp:featuredmedia":[{"embeddable":true,"href":"https:\/\/ahoramasrd.com.do\/index.php?rest_route=\/"}],"wp:attachment":[{"href":"https:\/\/ahoramasrd.com.do\/index.php?rest_route=%2Fwp%2Fv2%2Fmedia&parent=86081"}],"wp:term":[{"taxonomy":"category","embeddable":true,"href":"https:\/\/ahoramasrd.com.do\/index.php?rest_route=%2Fwp%2Fv2%2Fcategories&post=86081"},{"taxonomy":"post_tag","embeddable":true,"href":"https:\/\/ahoramasrd.com.do\/index.php?rest_route=%2Fwp%2Fv2%2Ftags&post=86081"}],"curies":[{"name":"wp","href":"https:\/\/api.w.org\/{rel}","templated":true}]}}