{"id":86096,"date":"2025-06-18T09:42:50","date_gmt":"2025-06-18T13:42:50","guid":{"rendered":"https:\/\/ahoramasrd.com.do\/?p=86096"},"modified":"2025-06-18T09:42:50","modified_gmt":"2025-06-18T13:42:50","slug":"aplazan-para-el-lunes-juicio-contra-wander-franco-acusado-de-supuesta-violacion-sexual-infantil","status":"publish","type":"post","link":"https:\/\/ahoramasrd.com.do\/?p=86096","title":{"rendered":"Aplazan para el lunes juicio contra Wander Franco acusado de supuesta violaci\u00f3n sexual infantil"},"content":{"rendered":"\n<p>Santo Domingo.- El Tribunal Colegiado de Puerto Plata aplaz\u00f3 para el lunes pr\u00f3ximo la presentaci\u00f3n de argumentos y conclusiones en la audiencia de juicio contra el pelotero Wander Franco, acusado de supuesta violaci\u00f3n sexual infantil.<\/p>\n\n\n\n<p>El juicio tambi\u00e9n se sigue contra la madre de la menor Martha Vanessa Chavaller, quien est\u00e1 acusada de explotaci\u00f3n sexual y lavado de activos.<\/p>\n\n\n\n<p>El Ministerio P\u00fablico asegura en la acusaci\u00f3n que Franco convivi\u00f3 durante varios d\u00edas con la menor y que suministr\u00f3 altas sumas de dinero a la madre de esta para que no denunciara lo sucedido.<\/p>\n\n\n\n<p>La mujer, siempre seg\u00fan el expediente, habr\u00eda comprado veh\u00edculos y otros bienes e inmuebles con el dinero recibido.<\/p>\n\n\n\n<p>Franco dijo este martes que est\u00e1 \u00abpositivo\u00bb y que quiere \u00abjusticia\u00bb en su caso.<\/p>\n\n\n\n<p>Franco era el campocorto titular de los Rays de Tampa Bay en las Grandes Ligas, equipo con el que firm\u00f3 en 2021 un contrato de 182 millones de d\u00f3lares por 11 a\u00f1os. En esa oportunidad recibi\u00f3 un bono de 5 millones de d\u00f3lares por la firma.<\/p>\n\n\n\n<p>Tras sus problemas judiciales en Rep\u00fablica Dominicana Franco fue apartado del equipo.<\/p>\n\n\n\n<p>El jugador, que ya se perfilaba como una estrellas de las Grandes Ligas, tambi\u00e9n enfrenta otra acusaci\u00f3n en San Juan de la Maguana por el supuesto porte ilegal de un arma de fuego.<\/p>\n\n\n\n<p>Seg\u00fan la acusaci\u00f3n, Franco fue arrestado en San Juan de la Maguana en \u00abflagrante delito\u00bb el 10 de noviembre de 2024, cuando portaba el arma en el veh\u00edculo en el que transitaba por una calle de esa ciudad.<\/p>\n","protected":false},"excerpt":{"rendered":"<p>Santo Domingo.- El Tribunal Colegiado de Puerto Plata aplaz\u00f3 para el lunes pr\u00f3ximo la presentaci\u00f3n de argumentos y conclusiones en la audiencia de juicio contra el pelotero Wander Franco, acusado de supuesta violaci\u00f3n sexual infantil. El juicio tambi\u00e9n se sigue contra la madre de la menor Martha Vanessa Chavaller, quien est\u00e1 acusada de explotaci\u00f3n sexual [&hellip;]<\/p>\n","protected":false},"author":2,"featured_media":86097,"comment_status":"open","ping_status":"open","sticky":false,"template":"","format":"standard","meta":{"footnotes":""},"categories":[44],"tags":[845,939,58],"class_list":{"0":"post-86096","1":"post","2":"type-post","3":"status-publish","4":"format-standard","5":"has-post-thumbnail","7":"category-actualidad","8":"tag-ahora-mas-rd","9":"tag-cada-minuto-una-verdad","10":"tag-republica-dominicana"},"aioseo_notices":[],"amp_enabled":true,"_links":{"self":[{"href":"https:\/\/ahoramasrd.com.do\/index.php?rest_route=\/wp\/v2\/posts\/86096","targetHints":{"allow":["GET"]}}],"collection":[{"href":"https:\/\/ahoramasrd.com.do\/index.php?rest_route=\/wp\/v2\/posts"}],"about":[{"href":"https:\/\/ahoramasrd.com.do\/index.php?rest_route=\/wp\/v2\/types\/post"}],"author":[{"embeddable":true,"href":"https:\/\/ahoramasrd.com.do\/index.php?rest_route=\/wp\/v2\/users\/2"}],"replies":[{"embeddable":true,"href":"https:\/\/ahoramasrd.com.do\/index.php?rest_route=%2Fwp%2Fv2%2Fcomments&post=86096"}],"version-history":[{"count":0,"href":"https:\/\/ahoramasrd.com.do\/index.php?rest_route=\/wp\/v2\/posts\/86096\/revisions"}],"wp:featuredmedia":[{"embeddable":true,"href":"https:\/\/ahoramasrd.com.do\/index.php?rest_route=\/"}],"wp:attachment":[{"href":"https:\/\/ahoramasrd.com.do\/index.php?rest_route=%2Fwp%2Fv2%2Fmedia&parent=86096"}],"wp:term":[{"taxonomy":"category","embeddable":true,"href":"https:\/\/ahoramasrd.com.do\/index.php?rest_route=%2Fwp%2Fv2%2Fcategories&post=86096"},{"taxonomy":"post_tag","embeddable":true,"href":"https:\/\/ahoramasrd.com.do\/index.php?rest_route=%2Fwp%2Fv2%2Ftags&post=86096"}],"curies":[{"name":"wp","href":"https:\/\/api.w.org\/{rel}","templated":true}]}}