{"id":86102,"date":"2025-06-18T12:34:07","date_gmt":"2025-06-18T16:34:07","guid":{"rendered":"https:\/\/ahoramasrd.com.do\/?p=86102"},"modified":"2025-06-18T12:34:08","modified_gmt":"2025-06-18T16:34:08","slug":"la-familia-perez-propone-un-fondo-de-reparacion-enfocado-en-la-juventud-dominicana","status":"publish","type":"post","link":"https:\/\/ahoramasrd.com.do\/?p=86102","title":{"rendered":"La Familia P\u00e9rez propone un fondo de reparaci\u00f3n enfocado en la juventud dominicana"},"content":{"rendered":"\n<p>Santo Domingo.- La familia P\u00e9rez ha presentado una querella con constituci\u00f3n en parte civil contra los propietarios y responsables del centro de entretenimiento Jet Set, tras los hechos que provocaron una de las tragedias m\u00e1s dolorosas que ha vivido el pa\u00eds en tiempos recientes, en la que falleci\u00f3 el se\u00f1or Roberto Antonio P\u00e9rez Herrera, conocido art\u00edsticamente como Rubby P\u00e9rez, junto a otras 235 v\u00edctimas.<\/p>\n\n\n\n<p>Esta acci\u00f3n legal va m\u00e1s all\u00e1 de un simple reclamo judicial; representa una apuesta \u00e9tica: transformar el duelo en una responsabilidad social. Por ello, la familia ha solicitado una indemnizaci\u00f3n de RD$435,000,000.00 que no se concibe como una compensaci\u00f3n econ\u00f3mica, sino como un instrumento para facilitar la transformaci\u00f3n social.<\/p>\n\n\n\n<figure class=\"wp-block-image size-full\"><img decoding=\"async\" src=\"https:\/\/ahoramasrd.com.do\/wp-content\/uploads\/2025\/06\/image-1.png\" alt=\"\" class=\"wp-image-86103\" \/><\/figure>\n\n\n\n<p>Los recursos reclamados se destinar\u00e1n a la creaci\u00f3n de un fondo de impacto dirigido a la juventud dominicana, sustentado en tres pilares fundamentales:<\/p>\n\n\n\n<ul class=\"wp-block-list\">\n<li>Fomento y promoci\u00f3n de la industria creativa como herramienta de expresi\u00f3n, cohesi\u00f3n social y desarrollo comunitario.<\/li>\n\n\n\n<li>Formaci\u00f3n en valores y ciudadan\u00eda en escuelas y espacios comunitarios.<\/li>\n\n\n\n<li>Prevenci\u00f3n de riesgos y fortalecimiento de entornos seguros para adolescentes y j\u00f3venes en situaci\u00f3n de vulnerabilidad.<\/li>\n<\/ul>\n\n\n\n<p>\u201cQueremos que este fondo sea una semilla de futuro y conciencia. Que donde hubo silencio institucional, surja una red de oportunidades para nuestros j\u00f3venes\u201d, expresaron Casiey Aileen P\u00e9rez Lebr\u00f3n y Ana Beatriz P\u00e9rez Reynoso.<\/p>\n\n\n\n<p>El fondo, que ser\u00e1 implementado en colaboraci\u00f3n con instituciones p\u00fablicas, privadas y organizaciones sociales, nace del convencimiento de que ninguna tragedia debe quedar simplemente en un expediente cerrado. La memoria de Rubby P\u00e9rez y de cada una de las v\u00edctimas exige una respuesta estructural que mire hacia adelante y proteja lo m\u00e1s valioso que tiene un pa\u00eds: su juventud.<\/p>\n\n\n\n<p>Como parte del proceso penal en curso, la querella contempla la solicitud de prisi\u00f3n preventiva como medida de coerci\u00f3n para los imputados, atendiendo a la gravedad de los hechos, la necesidad de garantizar la integridad del proceso judicial y la obligaci\u00f3n moral de que los responsables no queden impunes.<\/p>\n","protected":false},"excerpt":{"rendered":"<p>Santo Domingo.- La familia P\u00e9rez ha presentado una querella con constituci\u00f3n en parte civil contra los propietarios y responsables del centro de entretenimiento Jet Set, tras los hechos que provocaron una de las tragedias m\u00e1s dolorosas que ha vivido el pa\u00eds en tiempos recientes, en la que falleci\u00f3 el se\u00f1or Roberto Antonio P\u00e9rez Herrera, conocido [&hellip;]<\/p>\n","protected":false},"author":2,"featured_media":86104,"comment_status":"open","ping_status":"open","sticky":false,"template":"","format":"standard","meta":{"footnotes":""},"categories":[44],"tags":[845,939,58],"class_list":{"0":"post-86102","1":"post","2":"type-post","3":"status-publish","4":"format-standard","5":"has-post-thumbnail","7":"category-actualidad","8":"tag-ahora-mas-rd","9":"tag-cada-minuto-una-verdad","10":"tag-republica-dominicana"},"aioseo_notices":[],"amp_enabled":true,"_links":{"self":[{"href":"https:\/\/ahoramasrd.com.do\/index.php?rest_route=\/wp\/v2\/posts\/86102","targetHints":{"allow":["GET"]}}],"collection":[{"href":"https:\/\/ahoramasrd.com.do\/index.php?rest_route=\/wp\/v2\/posts"}],"about":[{"href":"https:\/\/ahoramasrd.com.do\/index.php?rest_route=\/wp\/v2\/types\/post"}],"author":[{"embeddable":true,"href":"https:\/\/ahoramasrd.com.do\/index.php?rest_route=\/wp\/v2\/users\/2"}],"replies":[{"embeddable":true,"href":"https:\/\/ahoramasrd.com.do\/index.php?rest_route=%2Fwp%2Fv2%2Fcomments&post=86102"}],"version-history":[{"count":0,"href":"https:\/\/ahoramasrd.com.do\/index.php?rest_route=\/wp\/v2\/posts\/86102\/revisions"}],"wp:featuredmedia":[{"embeddable":true,"href":"https:\/\/ahoramasrd.com.do\/index.php?rest_route=\/"}],"wp:attachment":[{"href":"https:\/\/ahoramasrd.com.do\/index.php?rest_route=%2Fwp%2Fv2%2Fmedia&parent=86102"}],"wp:term":[{"taxonomy":"category","embeddable":true,"href":"https:\/\/ahoramasrd.com.do\/index.php?rest_route=%2Fwp%2Fv2%2Fcategories&post=86102"},{"taxonomy":"post_tag","embeddable":true,"href":"https:\/\/ahoramasrd.com.do\/index.php?rest_route=%2Fwp%2Fv2%2Ftags&post=86102"}],"curies":[{"name":"wp","href":"https:\/\/api.w.org\/{rel}","templated":true}]}}