{"id":86106,"date":"2025-06-18T22:24:20","date_gmt":"2025-06-19T02:24:20","guid":{"rendered":"https:\/\/ahoramasrd.com.do\/?p=86106"},"modified":"2025-06-18T22:24:20","modified_gmt":"2025-06-19T02:24:20","slug":"abogada-espera-familiares-de-rubby-perez-se-sumen-a-la-querella-interpuesta-por-dos-de-sus-hijas-y-los-hermanos","status":"publish","type":"post","link":"https:\/\/ahoramasrd.com.do\/?p=86106","title":{"rendered":"Abogada espera familiares de Rubby P\u00e9rez se sumen a la querella interpuesta por dos de sus hijas y los hermanos"},"content":{"rendered":"\n<p>La abogada Emery Rodr\u00edguez, representante legal de dos de las hijas y los hermanos de Rubby P\u00e9rez, quien falleci\u00f3 en la tragedia de Jet Set, espera que los que los dem\u00e1s puedan sumarse a la querella interpuesta contra Antonio y Maribel Espaillat, gerentes del siniestrado centro de diversi\u00f3n.<\/p>\n\n\n\n<p>\u201cEn esta querella est\u00e1 el coraz\u00f3n de toda la familia P\u00e9rez, los dem\u00e1s, quienes no forman parte de esta querella, nosotros los sentimos como parte, pero hemos entendido que hay que respetar la voluntad de cada uno de ellos, que en el momento, despu\u00e9s que reparen el dolor puedan sumarse. Nada quita en los pr\u00f3ximos d\u00edas, los que faltan puedan sumarse\u201d, Rodr\u00edguez durante un receso en la medida de coerci\u00f3n que se le conoce esta noche a los imputados.<\/p>\n\n\n\n<p>Las hijas de Rubby P\u00e9rez, que se constituyeron en actor civil y presentaron querella contra los propietarios de Jet Set, son Casiey Aileen P\u00e9rez Lebr\u00f3n y Ana Beatriz P\u00e9rez Reynoso.<\/p>\n\n\n\n<p>Por otro lado, Emery Rodr\u00edguez sostuvo que est\u00e1n de acuerdo con los hechos, pero no con la calificaci\u00f3n jur\u00eddica que hace el Ministerio P\u00fablico del caso, por entender que se trata de un homicidio voluntario con dolo eventual.<\/p>\n\n\n\n<p>Espera que el Tribunal dicte prisi\u00f3n preventiva contra los acusados y declare la complejidad del caso, por considerar que hay un alto peligro de fuga de los imputados.<\/p>\n","protected":false},"excerpt":{"rendered":"<p>La abogada Emery Rodr\u00edguez, representante legal de dos de las hijas y los hermanos de Rubby P\u00e9rez, quien falleci\u00f3 en la tragedia de Jet Set, espera que los que los dem\u00e1s puedan sumarse a la querella interpuesta contra Antonio y Maribel Espaillat, gerentes del siniestrado centro de diversi\u00f3n. \u201cEn esta querella est\u00e1 el coraz\u00f3n de [&hellip;]<\/p>\n","protected":false},"author":2,"featured_media":86107,"comment_status":"open","ping_status":"open","sticky":false,"template":"","format":"standard","meta":{"footnotes":""},"categories":[44],"tags":[845,939,58],"class_list":{"0":"post-86106","1":"post","2":"type-post","3":"status-publish","4":"format-standard","5":"has-post-thumbnail","7":"category-actualidad","8":"tag-ahora-mas-rd","9":"tag-cada-minuto-una-verdad","10":"tag-republica-dominicana"},"aioseo_notices":[],"amp_enabled":true,"_links":{"self":[{"href":"https:\/\/ahoramasrd.com.do\/index.php?rest_route=\/wp\/v2\/posts\/86106","targetHints":{"allow":["GET"]}}],"collection":[{"href":"https:\/\/ahoramasrd.com.do\/index.php?rest_route=\/wp\/v2\/posts"}],"about":[{"href":"https:\/\/ahoramasrd.com.do\/index.php?rest_route=\/wp\/v2\/types\/post"}],"author":[{"embeddable":true,"href":"https:\/\/ahoramasrd.com.do\/index.php?rest_route=\/wp\/v2\/users\/2"}],"replies":[{"embeddable":true,"href":"https:\/\/ahoramasrd.com.do\/index.php?rest_route=%2Fwp%2Fv2%2Fcomments&post=86106"}],"version-history":[{"count":0,"href":"https:\/\/ahoramasrd.com.do\/index.php?rest_route=\/wp\/v2\/posts\/86106\/revisions"}],"wp:featuredmedia":[{"embeddable":true,"href":"https:\/\/ahoramasrd.com.do\/index.php?rest_route=\/"}],"wp:attachment":[{"href":"https:\/\/ahoramasrd.com.do\/index.php?rest_route=%2Fwp%2Fv2%2Fmedia&parent=86106"}],"wp:term":[{"taxonomy":"category","embeddable":true,"href":"https:\/\/ahoramasrd.com.do\/index.php?rest_route=%2Fwp%2Fv2%2Fcategories&post=86106"},{"taxonomy":"post_tag","embeddable":true,"href":"https:\/\/ahoramasrd.com.do\/index.php?rest_route=%2Fwp%2Fv2%2Ftags&post=86106"}],"curies":[{"name":"wp","href":"https:\/\/api.w.org\/{rel}","templated":true}]}}