{"id":86128,"date":"2025-06-19T15:58:24","date_gmt":"2025-06-19T19:58:24","guid":{"rendered":"https:\/\/ahoramasrd.com.do\/?p=86128"},"modified":"2025-06-19T15:58:24","modified_gmt":"2025-06-19T19:58:24","slug":"abogado-dice-iniciaran-manana-tramites-para-la-libertad-de-los-hermanos-espaillat","status":"publish","type":"post","link":"https:\/\/ahoramasrd.com.do\/?p=86128","title":{"rendered":"Abogado dice iniciar\u00e1n ma\u00f1ana tr\u00e1mites para la libertad de los hermanos Espaillat"},"content":{"rendered":"\n<p>Seg\u00fan declaraciones del abogado defensor de los hermanos Antonio y Maribel Espaillat, iniciar\u00e1n ma\u00f1ana los tr\u00e1mites legales correspondientes para se les otorgue su libertad, luego que el tribunal le impusiera garant\u00eda de 50 millones de pesos, como medida de coerci\u00f3n.<\/p>\n\n\n\n<p>Estos est\u00e1n acusados de homicidio involuntario, por el desplome del techo del club nocturno Jet Set que cobr\u00f3 la vida de 236 personas.<\/p>\n\n\n\n<p>\"En el d\u00eda de hoy la oficina de la procuradora fiscal est\u00e1 cerrada para los tr\u00e1mites administrativos, lo cual entiendo que ese tr\u00e1mite se agotar\u00e1 el d\u00eda de ma\u00f1ana, si Dios quiere\", explic\u00f3 Jorge Luis Polanco.<\/p>\n\n\n\n<p>Argument\u00f3 que la jueza F\u00e1tima Veloz no encontr\u00f3 riesgo de fuga u obstaculizaci\u00f3n en la investigaci\u00f3n, para determinar si era necesario o no el estado de prisi\u00f3n preventiva, mientras se agotaba la fase de investigaci\u00f3n.<\/p>\n\n\n\n<p>La medida fue impuesta el d\u00eda de ayer por el Tribunal de Atenci\u00f3n Permanente del Distrito Nacional tras 12 horas de litigaci\u00f3n y una garant\u00eda econ\u00f3mica de RD$50 millones como medida de coerci\u00f3n, adem\u00e1s de impedimento de salida y presentaci\u00f3n peri\u00f3dica en el tribunal.<\/p>\n\n\n\n<p>El jurista agreg\u00f3 que convers\u00f3 con Antonio Espaillat, quien est\u00e1 de acuerdo con la decisi\u00f3n tomada, porque responde a los presupuestos planteados y que se encuentra \"deseoso de poder incorporarse a sus empresas\", como tambi\u00e9n de estar al frente en sus ocupaciones y responsabilidades familiares.<\/p>\n\n\n\n<p>Compensaci\u00f3n econ\u00f3mica<br>En cuanto a la compensaci\u00f3n econ\u00f3mica para las familias de los afectados, lo calific\u00f3 como un acuerdo para conciliar esta etapa que adolece a todos los afectados.<\/p>\n\n\n\n<p>\u201cEs una tragedia que impacta no solamente en t\u00e9rminos f\u00edsicos, sino psicol\u00f3gico, mental y laboral, muchos elementos, y eso hay que trabajarlo por etapa. Esos acuerdos permiten conciliar una etapa. Luego hay que pasar con la parte personal individual para ir sanando, t\u00fa entiendes, ir recuperando los efectos de lo que significa esta tragedia\u201d, expres\u00f3.<\/p>\n\n\n\n<p>Sobre la decisi\u00f3n del Ministerio P\u00fablico de apelar a la coerci\u00f3n impuesta, respondi\u00f3 que es un derecho conferido a la instituci\u00f3n y debe hacer uso de ese recurso.<\/p>\n\n\n\n<p>\u201cEse es un derecho que la propia resoluci\u00f3n ha establecido y que las leyes le confieren a esa instituci\u00f3n para si los considera de lugar proceder a hacer ese recurso\u201d, sostuvo.<\/p>\n","protected":false},"excerpt":{"rendered":"<p>Seg\u00fan declaraciones del abogado defensor de los hermanos Antonio y Maribel Espaillat, iniciar\u00e1n ma\u00f1ana los tr\u00e1mites legales correspondientes para se les otorgue su libertad, luego que el tribunal le impusiera garant\u00eda de 50 millones de pesos, como medida de coerci\u00f3n. Estos est\u00e1n acusados de homicidio involuntario, por el desplome del techo del club nocturno Jet [&hellip;]<\/p>\n","protected":false},"author":2,"featured_media":86129,"comment_status":"open","ping_status":"open","sticky":false,"template":"","format":"standard","meta":{"footnotes":""},"categories":[44],"tags":[845,939,58],"class_list":{"0":"post-86128","1":"post","2":"type-post","3":"status-publish","4":"format-standard","5":"has-post-thumbnail","7":"category-actualidad","8":"tag-ahora-mas-rd","9":"tag-cada-minuto-una-verdad","10":"tag-republica-dominicana"},"aioseo_notices":[],"amp_enabled":true,"_links":{"self":[{"href":"https:\/\/ahoramasrd.com.do\/index.php?rest_route=\/wp\/v2\/posts\/86128","targetHints":{"allow":["GET"]}}],"collection":[{"href":"https:\/\/ahoramasrd.com.do\/index.php?rest_route=\/wp\/v2\/posts"}],"about":[{"href":"https:\/\/ahoramasrd.com.do\/index.php?rest_route=\/wp\/v2\/types\/post"}],"author":[{"embeddable":true,"href":"https:\/\/ahoramasrd.com.do\/index.php?rest_route=\/wp\/v2\/users\/2"}],"replies":[{"embeddable":true,"href":"https:\/\/ahoramasrd.com.do\/index.php?rest_route=%2Fwp%2Fv2%2Fcomments&post=86128"}],"version-history":[{"count":0,"href":"https:\/\/ahoramasrd.com.do\/index.php?rest_route=\/wp\/v2\/posts\/86128\/revisions"}],"wp:featuredmedia":[{"embeddable":true,"href":"https:\/\/ahoramasrd.com.do\/index.php?rest_route=\/"}],"wp:attachment":[{"href":"https:\/\/ahoramasrd.com.do\/index.php?rest_route=%2Fwp%2Fv2%2Fmedia&parent=86128"}],"wp:term":[{"taxonomy":"category","embeddable":true,"href":"https:\/\/ahoramasrd.com.do\/index.php?rest_route=%2Fwp%2Fv2%2Fcategories&post=86128"},{"taxonomy":"post_tag","embeddable":true,"href":"https:\/\/ahoramasrd.com.do\/index.php?rest_route=%2Fwp%2Fv2%2Ftags&post=86128"}],"curies":[{"name":"wp","href":"https:\/\/api.w.org\/{rel}","templated":true}]}}