{"id":86174,"date":"2025-06-20T22:37:46","date_gmt":"2025-06-21T02:37:46","guid":{"rendered":"https:\/\/ahoramasrd.com.do\/?p=86174"},"modified":"2025-06-20T22:37:46","modified_gmt":"2025-06-21T02:37:46","slug":"la-vicepresidenta-raquel-pena-asumio-la-agenda-del-presidente-abinader","status":"publish","type":"post","link":"https:\/\/ahoramasrd.com.do\/?p=86174","title":{"rendered":"La vicepresidenta Raquel Pe\u00f1a asumi\u00f3 la agenda del presidente Abinader"},"content":{"rendered":"\n<p>A las 7:14 de la noche del jueves, la Direcci\u00f3n de Comunicaciones de la Presidencia envi\u00f3 la agenda de las actividades en las que el presidente Luis Abinader estar\u00eda presente en el desarrollo del viernes.<\/p>\n\n\n\n<p>La agenda consist\u00eda de cuatro actividades, una en Santo Domingo, donde participar\u00eda en el encuentro nacional \u201cLa Ruta de la Prevenci\u00f3n\u201d; dos en Ban\u00ed, donde ten\u00eda programada una visita al obispo Faustino Burgos y un encuentro con productores de mangos y culminar\u00eda su jornada en San Crist\u00f3bal, donde inaugurar\u00eda el proyecto de viviendas para refugiados de Alfa Cuatro.<\/p>\n\n\n\n<p>Sin embargo, a pesar de que la agenda fue ratificada por el Gobierno en la madrugada del viernes, el presidente Abinader no participar\u00eda en ninguna de las actividades propuestas, asumiendo la vicepresidenta tres de esas cuatro actividades sin que se anunciara una raz\u00f3n particular.<\/p>\n\n\n\n<p>Al ser cuestionado sobre la raz\u00f3n de que el presidente delegara esas actividades, el vocero de la Presidencia, Homero Figueroa, manifest\u00f3 a LIST\u00cdN DIARIO que no exist\u00eda ninguna \u201csituaci\u00f3n particular\u201d y que el gobernante se encontraba despachando en su oficina en el Palacio Nacional, \u201cde forma habitual\u201d.<\/p>\n\n\n\n<p>Pe\u00f1a encabezar\u00eda el Primer Encuentro Nacional del Programa \u201cLa Ruta de la Prevenci\u00f3n\u201d, iniciativa que promueve la Direcci\u00f3n Nacional de Control de Drogas (DNCD), junto a otras instituciones del Gobierno, con la finalidad de alertar a ni\u00f1os, ni\u00f1as, adolescentes y j\u00f3venes, sobre las graves consecuencias del consumo y tr\u00e1fico de estupefacientes.<\/p>\n\n\n\n<p>La actividad, que tiene como lema \u201cTodos X La Prevenci\u00f3n\u201d, se enmarca dentro de las estrategias gubernamentales, para que a trav\u00e9s de una experiencia vivencial, los j\u00f3venes reciban orientaciones directas, sobre las secuelas y repercusiones legales de cometer delitos relacionados con el narcotr\u00e1fico.<\/p>\n\n\n\n<p>En el acto, el titular de la DNCD, vicealmirante Jos\u00e9 Manuel Cabrera Ulloa, agradeci\u00f3 al presidente Abinader por el apoyo que ha ofrecido al programa desde sus inicios y adelant\u00f3 que la intenci\u00f3n del superior Gobierno es llegar con la Ruta de la Prevenci\u00f3n a todas las escuelas y colegios del pa\u00eds.<\/p>\n\n\n\n<p>\u201cDesde el 2023, cuando inicio el programa, estamos motivando a los estudiantes a ser actores y multiplicadores de primera l\u00ednea en la prevenci\u00f3n, como paso primordial para para que comprendan de las consecuencias y la gravedad del uso, tr\u00e1fico y venta de drogas\u201d, manifest\u00f3 Cabrera Ulloa.<\/p>\n\n\n\n<p>Luego, en el encuentro con productores de mango de la provincia Peravia, la vicemandataria escuch\u00f3 de primera mano las inquietudes y propuestas de los agricultores, quienes destacaron los avances logrados en la producci\u00f3n y exportaci\u00f3n de esta fruta emblem\u00e1tica de la zona.<\/p>\n\n\n\n<p>\u201cLo m\u00e1s importante aqu\u00ed son ustedes los productores y escucharlos a ustedes, a eso es que vinimos en nombre del presidente Abinader, para nosotros es sumamente importante. Porque darle seguimiento a lo que ustedes vienen haciendo con tanto esfuerzo y ustedes poder recibir ese apoyo de mano del gobierno central encabezado por el presidente Luis Abinader\u201d, manifest\u00f3 Pe\u00f1a.<\/p>\n\n\n\n<p>Mientras que en San Crist\u00f3bal encabez\u00f3 la entrega del Centro Habitacional Comunitario en Ca\u00f1ada Honda, a 40 familias en condiciones de vulnerabilidad, damnificadas de los fen\u00f3menos atmosf\u00e9ricos Georges, Olga y Noel.<\/p>\n\n\n\n<p>En medio de aspiraciones<br>La asunci\u00f3n de actividades oficiales de parte de la vicemandataria, se realiza justo en medio de sus aspiraciones a ocupar la candidatura presidencial del Partido Revolucionario Moderno (PRM). Pe\u00f1a es una de siete personas, y funcionarios p\u00fablicos, que buscan ser el sustituto de Abinader en la boleta para las pr\u00f3ximas elecciones.<\/p>\n\n\n\n<p>A la salida de la primera actividad, Pe\u00f1a fue cuestionada por los medios de comunicaci\u00f3n con relaci\u00f3n a la advertencia realizada por el presidente de la Junta Central Electoral (JCE), Rom\u00e1n J\u00e1quez Liranzo, con las cuales indic\u00f3 se encontraba de acuerdo.<\/p>\n\n\n\n<p>\u201cEstamos totalmente de acuerdo siempre con cumplir la ley, con cumplir la ley de la Junta Central Electoral y por supuesto tambi\u00e9n del mismo Partido Revolucionario Moderno (PRM)\u201d, expres\u00f3 la vicepresidente.<\/p>\n","protected":false},"excerpt":{"rendered":"<p>A las 7:14 de la noche del jueves, la Direcci\u00f3n de Comunicaciones de la Presidencia envi\u00f3 la agenda de las actividades en las que el presidente Luis Abinader estar\u00eda presente en el desarrollo del viernes. La agenda consist\u00eda de cuatro actividades, una en Santo Domingo, donde participar\u00eda en el encuentro nacional \u201cLa Ruta de la [&hellip;]<\/p>\n","protected":false},"author":2,"featured_media":86175,"comment_status":"open","ping_status":"open","sticky":false,"template":"","format":"standard","meta":{"footnotes":""},"categories":[44],"tags":[845,939,58],"class_list":{"0":"post-86174","1":"post","2":"type-post","3":"status-publish","4":"format-standard","5":"has-post-thumbnail","7":"category-actualidad","8":"tag-ahora-mas-rd","9":"tag-cada-minuto-una-verdad","10":"tag-republica-dominicana"},"aioseo_notices":[],"amp_enabled":true,"_links":{"self":[{"href":"https:\/\/ahoramasrd.com.do\/index.php?rest_route=\/wp\/v2\/posts\/86174","targetHints":{"allow":["GET"]}}],"collection":[{"href":"https:\/\/ahoramasrd.com.do\/index.php?rest_route=\/wp\/v2\/posts"}],"about":[{"href":"https:\/\/ahoramasrd.com.do\/index.php?rest_route=\/wp\/v2\/types\/post"}],"author":[{"embeddable":true,"href":"https:\/\/ahoramasrd.com.do\/index.php?rest_route=\/wp\/v2\/users\/2"}],"replies":[{"embeddable":true,"href":"https:\/\/ahoramasrd.com.do\/index.php?rest_route=%2Fwp%2Fv2%2Fcomments&post=86174"}],"version-history":[{"count":0,"href":"https:\/\/ahoramasrd.com.do\/index.php?rest_route=\/wp\/v2\/posts\/86174\/revisions"}],"wp:featuredmedia":[{"embeddable":true,"href":"https:\/\/ahoramasrd.com.do\/index.php?rest_route=\/"}],"wp:attachment":[{"href":"https:\/\/ahoramasrd.com.do\/index.php?rest_route=%2Fwp%2Fv2%2Fmedia&parent=86174"}],"wp:term":[{"taxonomy":"category","embeddable":true,"href":"https:\/\/ahoramasrd.com.do\/index.php?rest_route=%2Fwp%2Fv2%2Fcategories&post=86174"},{"taxonomy":"post_tag","embeddable":true,"href":"https:\/\/ahoramasrd.com.do\/index.php?rest_route=%2Fwp%2Fv2%2Ftags&post=86174"}],"curies":[{"name":"wp","href":"https:\/\/api.w.org\/{rel}","templated":true}]}}