{"id":86180,"date":"2025-06-23T11:55:26","date_gmt":"2025-06-23T15:55:26","guid":{"rendered":"https:\/\/ahoramasrd.com.do\/?p=86180"},"modified":"2025-06-23T11:55:27","modified_gmt":"2025-06-23T15:55:27","slug":"mp-pide-cinco-anos-de-prision-contra-wander-franco-y-10-para-la-madre-de-la-menor-involucrada","status":"publish","type":"post","link":"https:\/\/ahoramasrd.com.do\/?p=86180","title":{"rendered":"MP pide cinco a\u00f1os de prisi\u00f3n contra Wander Franco y 10 para la madre de la menor involucrada"},"content":{"rendered":"\n<p>El Ministerio P\u00fablico solicit\u00f3 este lunes al tribunal una condena de cinco a\u00f1os de prisi\u00f3n contra el pelotero de Grandes Ligas Wander Franco, acusado de abuso sexual en perjuicio de una menor de edad.<\/p>\n\n\n\n<p>Durante la audiencia, la fiscal\u00eda fundament\u00f3 su solicitud en los art\u00edculos 396, letras b y c, del C\u00f3digo para la Protecci\u00f3n de los Derechos de los Ni\u00f1os, Ni\u00f1as y Adolescentes, que tipifican y sancionan el abuso sexual, as\u00ed como en los art\u00edculos 60 y 275 del C\u00f3digo Penal, alegando que se ha probado la participaci\u00f3n del acusado \"m\u00e1s all\u00e1 de toda duda razonable\".<\/p>\n\n\n\n<p>El \u00f3rgano acusador tambi\u00e9n pidi\u00f3 que la condena sea cumplida en el Centro de Rehabilitaci\u00f3n y Correcci\u00f3n San Felipe, en Puerto Plata.<\/p>\n\n\n\n<p>Asimismo, que el pelotero sea sancionado con una multa equivalente a 10 salarios m\u00ednimos, adem\u00e1s del pago de las costas penales del proceso a favor del Estado dominicano.<\/p>\n\n\n\n<p>En tanto, el Ministerio P\u00fablico solicit\u00f3 una pena de 10 a\u00f1os de prisi\u00f3n contra la madre de la menor, por su presunta complicidad en los hechos que se le imputan, se\u00f1alando que permiti\u00f3 y facilit\u00f3 la relaci\u00f3n con fines econ\u00f3micos.<\/p>\n\n\n\n<p>Presentan alegatos<br>En estos momentos, los abogados defensores presentan sus alegatos ante el tribunal, buscando desmontar las acusaciones.<br>La audiencia contin\u00faa en el Palacio de Justicia de Puerto Plata, donde se espera que el tribunal emita su decisi\u00f3n.<\/p>\n","protected":false},"excerpt":{"rendered":"<p>El Ministerio P\u00fablico solicit\u00f3 este lunes al tribunal una condena de cinco a\u00f1os de prisi\u00f3n contra el pelotero de Grandes Ligas Wander Franco, acusado de abuso sexual en perjuicio de una menor de edad. Durante la audiencia, la fiscal\u00eda fundament\u00f3 su solicitud en los art\u00edculos 396, letras b y c, del C\u00f3digo para la Protecci\u00f3n [&hellip;]<\/p>\n","protected":false},"author":2,"featured_media":65434,"comment_status":"open","ping_status":"open","sticky":false,"template":"","format":"standard","meta":{"footnotes":""},"categories":[44],"tags":[845,939,58],"class_list":{"0":"post-86180","1":"post","2":"type-post","3":"status-publish","4":"format-standard","5":"has-post-thumbnail","7":"category-actualidad","8":"tag-ahora-mas-rd","9":"tag-cada-minuto-una-verdad","10":"tag-republica-dominicana"},"aioseo_notices":[],"amp_enabled":true,"_links":{"self":[{"href":"https:\/\/ahoramasrd.com.do\/index.php?rest_route=\/wp\/v2\/posts\/86180","targetHints":{"allow":["GET"]}}],"collection":[{"href":"https:\/\/ahoramasrd.com.do\/index.php?rest_route=\/wp\/v2\/posts"}],"about":[{"href":"https:\/\/ahoramasrd.com.do\/index.php?rest_route=\/wp\/v2\/types\/post"}],"author":[{"embeddable":true,"href":"https:\/\/ahoramasrd.com.do\/index.php?rest_route=\/wp\/v2\/users\/2"}],"replies":[{"embeddable":true,"href":"https:\/\/ahoramasrd.com.do\/index.php?rest_route=%2Fwp%2Fv2%2Fcomments&post=86180"}],"version-history":[{"count":0,"href":"https:\/\/ahoramasrd.com.do\/index.php?rest_route=\/wp\/v2\/posts\/86180\/revisions"}],"wp:featuredmedia":[{"embeddable":true,"href":"https:\/\/ahoramasrd.com.do\/index.php?rest_route=\/"}],"wp:attachment":[{"href":"https:\/\/ahoramasrd.com.do\/index.php?rest_route=%2Fwp%2Fv2%2Fmedia&parent=86180"}],"wp:term":[{"taxonomy":"category","embeddable":true,"href":"https:\/\/ahoramasrd.com.do\/index.php?rest_route=%2Fwp%2Fv2%2Fcategories&post=86180"},{"taxonomy":"post_tag","embeddable":true,"href":"https:\/\/ahoramasrd.com.do\/index.php?rest_route=%2Fwp%2Fv2%2Ftags&post=86180"}],"curies":[{"name":"wp","href":"https:\/\/api.w.org\/{rel}","templated":true}]}}