{"id":86198,"date":"2025-06-24T08:14:52","date_gmt":"2025-06-24T12:14:52","guid":{"rendered":"https:\/\/ahoramasrd.com.do\/?p=86198"},"modified":"2025-06-24T08:14:52","modified_gmt":"2025-06-24T12:14:52","slug":"macron-apoya-el-alto-el-fuego-de-trump-entre-iran-e-israel","status":"publish","type":"post","link":"https:\/\/ahoramasrd.com.do\/?p=86198","title":{"rendered":"Macron apoya el alto el fuego de Trump entre Ir\u00e1n e Israel"},"content":{"rendered":"\n<p>Copenhague. \u2013 El presidente franc\u00e9s, Emmanuel Macron, dijo este martes que el alto el fuego entre Ir\u00e1n e Israel anunciado por el jefe de Estado estadounidense, Donald Trump, era una \u00abbuena\u00bb iniciativa, pese a la extrema fragilidad de la situaci\u00f3n.<\/p>\n\n\n\n<p>\u00abPienso que es una cosa muy buena que el presidente Trump haya llamado al alto el fuego. Es lo que hicimos nosotros desde el principio y pienso que esa declaraci\u00f3n es totalmente positiva\u00bb, dijo Macron a bordo de la fragata francesa \u2018Normandia\u2019, nav\u00edo militar galo que se encuentra en Oslo, en el marco de la visita de Estado a Noruega que realiza hasta este martes el presidente de Francia.<\/p>\n\n\n\n<p>\u00abQue Estados Unidos haya hecho un llamamiento tras los ataques es algo muy bueno\u00bb, insisti\u00f3 Macron, que destac\u00f3 que a\u00fan era temprano para saber si los bombardeos estadounidenses contra Ir\u00e1n del fin de semana hab\u00edan sido un \u00e9xito.<\/p>\n\n\n\n<p>Sin embargo, \u00ablos \u00faltimos minutos han demostrado que la situaci\u00f3n sigue siendo muy fr\u00e1gil y hay que vigilarla de cerca\u00bb, expuso Macron.<\/p>\n\n\n\n<p>\u00abDe ello depende la estabilidad de la regi\u00f3n y la seriedad con la que podamos retomar el dossier nuclear iran\u00ed\u00bb, a\u00f1adi\u00f3, antes de recordar que la posici\u00f3n de Francia tambi\u00e9n consiste en evitar que Teher\u00e1n tenga acceso a una bomba nuclear.<\/p>\n\n\n\n<p>\u00abNuestro objetivo es que Ir\u00e1n no se dote del arma nuclear y que podamos tomar el control y la transparencia del seguimiento de su programa civil y es as\u00ed que lograremos estabilidad en la regi\u00f3n\u00bb, asever\u00f3 Macron, antes de apuntar que es necesario un alto el fuego en Gaza, donde Israel est\u00e1 en guerra contra la organizaci\u00f3n islamista palestina Ham\u00e1s tras los atentados del 7 de octubre de 2023.<\/p>\n\n\n\n<p>La defensa de la discusi\u00f3n exigente<\/p>\n\n\n\n<p>El jefe de Estado franc\u00e9s, acompa\u00f1ado de su ministro de Defensa, S\u00e9bastien Lecornu, puso de manifiesto que, tras los ataques de Israel y Estados Unidos contra el programa nuclear iran\u00ed existe el riesgo de que Teher\u00e1n decida secretamente seguir con su programa de enriquecimiento de uranio sin la vigilancia del Organismo Internacional de la Energ\u00eda At\u00f3mica (OIEA).<\/p>\n\n\n\n<p>\u00abTememos que eso ocurra desde que fue fragilizado el Plan de Acci\u00f3n Integral Conjunto (PAIC)\u00bb, afirm\u00f3 el mandatario galo.<\/p>\n\n\n\n<p>Aludi\u00f3 Macron al acuerdo logrado por la v\u00eda diplom\u00e1tica de 2015 entre varias potencias internacionales e Ir\u00e1n, que Estados Unidos abandon\u00f3 durante el primer mandato de Donald Trump.<\/p>\n\n\n\n<p>Adem\u00e1s, el jefe de Estado franc\u00e9s sostuvo que \u00abexiste un riesgo real\u00bb de que Ir\u00e1n sea capaz de superar el nivel de enriquecimiento de uranio de modo que tenga \u00abun objeto nuclear y vectorizarlo\u00bb.<\/p>\n\n\n\n<p>\u00abEs un riesgo para la regi\u00f3n, para Israel, y para todos los pa\u00edses que ser\u00edan alcanzables por esos misiles, como ser\u00eda el caso de Francia. (\u2026) Y por eso pensamos que la discusi\u00f3n exigente con Ir\u00e1n es la buena v\u00eda\u00bb, abund\u00f3.<\/p>\n","protected":false},"excerpt":{"rendered":"<p>Copenhague. \u2013 El presidente franc\u00e9s, Emmanuel Macron, dijo este martes que el alto el fuego entre Ir\u00e1n e Israel anunciado por el jefe de Estado estadounidense, Donald Trump, era una \u00abbuena\u00bb iniciativa, pese a la extrema fragilidad de la situaci\u00f3n. \u00abPienso que es una cosa muy buena que el presidente Trump haya llamado al alto [&hellip;]<\/p>\n","protected":false},"author":2,"featured_media":86199,"comment_status":"open","ping_status":"open","sticky":false,"template":"","format":"standard","meta":{"footnotes":""},"categories":[48],"tags":[845,939,58],"class_list":{"0":"post-86198","1":"post","2":"type-post","3":"status-publish","4":"format-standard","5":"has-post-thumbnail","7":"category-internacionales","8":"tag-ahora-mas-rd","9":"tag-cada-minuto-una-verdad","10":"tag-republica-dominicana"},"aioseo_notices":[],"amp_enabled":true,"_links":{"self":[{"href":"https:\/\/ahoramasrd.com.do\/index.php?rest_route=\/wp\/v2\/posts\/86198","targetHints":{"allow":["GET"]}}],"collection":[{"href":"https:\/\/ahoramasrd.com.do\/index.php?rest_route=\/wp\/v2\/posts"}],"about":[{"href":"https:\/\/ahoramasrd.com.do\/index.php?rest_route=\/wp\/v2\/types\/post"}],"author":[{"embeddable":true,"href":"https:\/\/ahoramasrd.com.do\/index.php?rest_route=\/wp\/v2\/users\/2"}],"replies":[{"embeddable":true,"href":"https:\/\/ahoramasrd.com.do\/index.php?rest_route=%2Fwp%2Fv2%2Fcomments&post=86198"}],"version-history":[{"count":0,"href":"https:\/\/ahoramasrd.com.do\/index.php?rest_route=\/wp\/v2\/posts\/86198\/revisions"}],"wp:featuredmedia":[{"embeddable":true,"href":"https:\/\/ahoramasrd.com.do\/index.php?rest_route=\/"}],"wp:attachment":[{"href":"https:\/\/ahoramasrd.com.do\/index.php?rest_route=%2Fwp%2Fv2%2Fmedia&parent=86198"}],"wp:term":[{"taxonomy":"category","embeddable":true,"href":"https:\/\/ahoramasrd.com.do\/index.php?rest_route=%2Fwp%2Fv2%2Fcategories&post=86198"},{"taxonomy":"post_tag","embeddable":true,"href":"https:\/\/ahoramasrd.com.do\/index.php?rest_route=%2Fwp%2Fv2%2Ftags&post=86198"}],"curies":[{"name":"wp","href":"https:\/\/api.w.org\/{rel}","templated":true}]}}