{"id":86204,"date":"2025-06-24T08:48:39","date_gmt":"2025-06-24T12:48:39","guid":{"rendered":"https:\/\/ahoramasrd.com.do\/?p=86204"},"modified":"2025-06-24T08:48:40","modified_gmt":"2025-06-24T12:48:40","slug":"catar-convencio-a-iran-para-aceptar-un-alto-el-fuego-con-israel-segun-fuentes","status":"publish","type":"post","link":"https:\/\/ahoramasrd.com.do\/?p=86204","title":{"rendered":"Catar convenci\u00f3 a Ir\u00e1n para aceptar un alto el fuego con Israel, seg\u00fan fuentes"},"content":{"rendered":"\n<p>Dub\u00e1i, Emiratos \u00c1rabes Unidos. \u2013 Catar \u00abpersuadi\u00f3 a Ir\u00e1n\u00bb de aceptar un alto el fuego con Israel, poco despu\u00e9s de que Teher\u00e1n lanzara un ataque con misiles iran\u00edes contra una base estadounidense en territorio catar\u00ed, dijo el martes a la AFP una fuente cercana a las negociaciones.<\/p>\n\n\n\n<p>Seg\u00fan la fuente, el primer ministro de Catar, Mohamed bin Abdulrahman al Thani, habl\u00f3 con funcionarios iran\u00edes a petici\u00f3n de Washington.<\/p>\n\n\n\n<p>Tras los lanzamientos de misiles iran\u00edes del lunes contra la base estadounidense de Al Udeid, \u00abel presidente [Donald] Trump le dijo al emir de Catar que Israel hab\u00eda aceptado una propuesta estadounidense de alto el fuego\u00bb con Teher\u00e1n, dijo esta fuente bajo condici\u00f3n de anonimato.<\/p>\n\n\n\n<p>\u00abEl presidente de Estados Unidos luego pidi\u00f3 ayuda a Catar para que Ir\u00e1n acepte un acuerdo (\u2026) el vicepresidente JD Vance habl\u00f3 con el primer ministro de Catar (\u2026) que persuadi\u00f3 a Ir\u00e1n de aceptar la propuesta durante una llamada con los iran\u00edes\u00bb.<\/p>\n\n\n\n<p>El alto el fuego entr\u00f3 en vigor en teor\u00eda este martes, pero unas horas despu\u00e9s de haberlo anunciado, Trump critic\u00f3 a Ir\u00e1n e Israel acus\u00e1ndoles de no respetarlo.<\/p>\n","protected":false},"excerpt":{"rendered":"<p>Dub\u00e1i, Emiratos \u00c1rabes Unidos. \u2013 Catar \u00abpersuadi\u00f3 a Ir\u00e1n\u00bb de aceptar un alto el fuego con Israel, poco despu\u00e9s de que Teher\u00e1n lanzara un ataque con misiles iran\u00edes contra una base estadounidense en territorio catar\u00ed, dijo el martes a la AFP una fuente cercana a las negociaciones. Seg\u00fan la fuente, el primer ministro de Catar, [&hellip;]<\/p>\n","protected":false},"author":2,"featured_media":86205,"comment_status":"open","ping_status":"open","sticky":false,"template":"","format":"standard","meta":{"footnotes":""},"categories":[48],"tags":[845,939,58],"class_list":{"0":"post-86204","1":"post","2":"type-post","3":"status-publish","4":"format-standard","5":"has-post-thumbnail","7":"category-internacionales","8":"tag-ahora-mas-rd","9":"tag-cada-minuto-una-verdad","10":"tag-republica-dominicana"},"aioseo_notices":[],"amp_enabled":true,"_links":{"self":[{"href":"https:\/\/ahoramasrd.com.do\/index.php?rest_route=\/wp\/v2\/posts\/86204","targetHints":{"allow":["GET"]}}],"collection":[{"href":"https:\/\/ahoramasrd.com.do\/index.php?rest_route=\/wp\/v2\/posts"}],"about":[{"href":"https:\/\/ahoramasrd.com.do\/index.php?rest_route=\/wp\/v2\/types\/post"}],"author":[{"embeddable":true,"href":"https:\/\/ahoramasrd.com.do\/index.php?rest_route=\/wp\/v2\/users\/2"}],"replies":[{"embeddable":true,"href":"https:\/\/ahoramasrd.com.do\/index.php?rest_route=%2Fwp%2Fv2%2Fcomments&post=86204"}],"version-history":[{"count":0,"href":"https:\/\/ahoramasrd.com.do\/index.php?rest_route=\/wp\/v2\/posts\/86204\/revisions"}],"wp:featuredmedia":[{"embeddable":true,"href":"https:\/\/ahoramasrd.com.do\/index.php?rest_route=\/"}],"wp:attachment":[{"href":"https:\/\/ahoramasrd.com.do\/index.php?rest_route=%2Fwp%2Fv2%2Fmedia&parent=86204"}],"wp:term":[{"taxonomy":"category","embeddable":true,"href":"https:\/\/ahoramasrd.com.do\/index.php?rest_route=%2Fwp%2Fv2%2Fcategories&post=86204"},{"taxonomy":"post_tag","embeddable":true,"href":"https:\/\/ahoramasrd.com.do\/index.php?rest_route=%2Fwp%2Fv2%2Ftags&post=86204"}],"curies":[{"name":"wp","href":"https:\/\/api.w.org\/{rel}","templated":true}]}}